{"id":131,"date":"2017-02-01T00:00:07","date_gmt":"2017-01-31T22:00:07","guid":{"rendered":"http:\/\/schrell.at\/de\/?p=131"},"modified":"2023-02-08T11:24:33","modified_gmt":"2023-02-08T09:24:33","slug":"neue-mittelschule","status":"publish","type":"post","link":"https:\/\/schrell.at\/de\/neue-mittelschule\/","title":{"rendered":"NMS\/VS LENZING"},"content":{"rendered":"<h3>NEUE MITTELSCHULE &amp; VOLKSSCHULE MIT 3-FACH TURNHALLE LENZING<\/h3>\n<h4>Wettbewerb 2006 | Er\u00f6ffnung: Oktober 2012<\/h4>\n<div class=\"gdc_row\"><div class=\"gdc_column gdc_ctwo-thirds\"><div class=\"gdc_inner\"><br \/>\n<img loading=\"lazy\" decoding=\"async\" data-id=\"3058\"  src=\"https:\/\/schrell.at\/de\/wp-content\/uploads\/2023\/01\/DSC0524_16zu9-1024x576.jpg\" alt=\"_DSC0524_16zu9\" width=\"1024\" height=\"576\" class=\"alignnone size-large wp-image-3058\" srcset=\"https:\/\/schrell.at\/de\/wp-content\/uploads\/2023\/01\/DSC0524_16zu9-1024x576.jpg 1024w, https:\/\/schrell.at\/de\/wp-content\/uploads\/2023\/01\/DSC0524_16zu9-300x169.jpg 300w\" sizes=\"(max-width: 1024px) 100vw, 1024px\" \/><br \/>\n<img loading=\"lazy\" decoding=\"async\" data-id=\"3064\"  src=\"https:\/\/schrell.at\/de\/wp-content\/uploads\/2023\/01\/DSC0525.jpg\" alt=\"_DSC0525\" width=\"1200\" height=\"768\" class=\"alignnone size-full wp-image-3064\" srcset=\"https:\/\/schrell.at\/de\/wp-content\/uploads\/2023\/01\/DSC0525.jpg 1200w, https:\/\/schrell.at\/de\/wp-content\/uploads\/2023\/01\/DSC0525-300x192.jpg 300w, https:\/\/schrell.at\/de\/wp-content\/uploads\/2023\/01\/DSC0525-1024x655.jpg 1024w\" sizes=\"(max-width: 1200px) 100vw, 1200px\" \/><br \/>\n<img loading=\"lazy\" decoding=\"async\" data-id=\"3066\"  src=\"https:\/\/schrell.at\/de\/wp-content\/uploads\/2023\/01\/DSC0528.jpg\" alt=\"_DSC0528\" width=\"1200\" height=\"807\" class=\"alignnone size-full wp-image-3066\" srcset=\"https:\/\/schrell.at\/de\/wp-content\/uploads\/2023\/01\/DSC0528.jpg 1200w, https:\/\/schrell.at\/de\/wp-content\/uploads\/2023\/01\/DSC0528-300x202.jpg 300w, https:\/\/schrell.at\/de\/wp-content\/uploads\/2023\/01\/DSC0528-1024x689.jpg 1024w\" sizes=\"(max-width: 1200px) 100vw, 1200px\" \/><br \/>\n<img loading=\"lazy\" decoding=\"async\" data-id=\"3061\"  src=\"https:\/\/schrell.at\/de\/wp-content\/uploads\/2023\/01\/DSC0522.jpg\" alt=\"_DSC0522\" width=\"1200\" height=\"800\" class=\"alignnone size-full wp-image-3061\" srcset=\"https:\/\/schrell.at\/de\/wp-content\/uploads\/2023\/01\/DSC0522.jpg 1200w, https:\/\/schrell.at\/de\/wp-content\/uploads\/2023\/01\/DSC0522-300x200.jpg 300w, https:\/\/schrell.at\/de\/wp-content\/uploads\/2023\/01\/DSC0522-1024x683.jpg 1024w\" sizes=\"(max-width: 1200px) 100vw, 1200px\" \/><br \/>\n<img loading=\"lazy\" decoding=\"async\" data-id=\"3059\"  src=\"https:\/\/schrell.at\/de\/wp-content\/uploads\/2023\/01\/DSC0519.jpg\" alt=\"_DSC0519\" width=\"1200\" height=\"868\" class=\"alignnone size-full wp-image-3059\" srcset=\"https:\/\/schrell.at\/de\/wp-content\/uploads\/2023\/01\/DSC0519.jpg 1200w, https:\/\/schrell.at\/de\/wp-content\/uploads\/2023\/01\/DSC0519-300x217.jpg 300w, https:\/\/schrell.at\/de\/wp-content\/uploads\/2023\/01\/DSC0519-1024x741.jpg 1024w\" sizes=\"(max-width: 1200px) 100vw, 1200px\" \/><br \/>\n<img loading=\"lazy\" decoding=\"async\" data-id=\"3062\"  src=\"https:\/\/schrell.at\/de\/wp-content\/uploads\/2023\/01\/DSC0523.jpg\" alt=\"_DSC0523\" width=\"1200\" height=\"690\" class=\"alignnone size-full wp-image-3062\" srcset=\"https:\/\/schrell.at\/de\/wp-content\/uploads\/2023\/01\/DSC0523.jpg 1200w, https:\/\/schrell.at\/de\/wp-content\/uploads\/2023\/01\/DSC0523-300x173.jpg 300w, https:\/\/schrell.at\/de\/wp-content\/uploads\/2023\/01\/DSC0523-1024x589.jpg 1024w\" sizes=\"(max-width: 1200px) 100vw, 1200px\" \/><br \/>\n<\/div><\/div><div class=\"gdc_column gdc_cthird\"><div class=\"gdc_inner\"><br \/>\nDer langgestreckte Bauk\u00f6rper ist entlang des Gel\u00e4ndeabfalles situiert und liegt in der Talsenke. Quer dazu, 2-geschossig, die beiden Schulen, die vom Norden her erschlossen sind. Die Mehrzweckhalle ist zum Ortskern hin orientiert und unterstreicht somit seine Wertigkeit in der Gemeinde.<br \/>\nDer Bauk\u00f6rper folgt den naturr\u00e4umlichen Gegebenheiten,der bestehende Waldbestand bleibt in seiner Gesamtheit erhalten. Grundlegendes Element des Entwurfes ist die Verbindung der Innenr\u00e4ume und Pausenzonen mit dem Naturraum. Die bestehenden Wiesenfl\u00e4chen werden mit ihren nat\u00fcrlichen Niveaus in die Schulh\u00f6fe gezogen. Der langgestreckte, eingeschossige Bauk\u00f6rper wird begr\u00fcnt, sodass auch im oberen Geschoss von allen R\u00e4umen aus ein starker Bezug zur Natur gegeben ist.<br \/>\n<\/div><\/div><\/div>\n","protected":false},"excerpt":{"rendered":"<p>NEUE MITTELSCHULE &amp; VOLKSSCHULE MIT 3-FACH TURNHALLE LENZING Wettbewerb 2006 | Er\u00f6ffnung: Oktober 2012<\/p>\n","protected":false},"author":1,"featured_media":2753,"comment_status":"closed","ping_status":"closed","sticky":false,"template":"","format":"standard","meta":{"footnotes":""},"categories":[38,8,1,11,5],"tags":[],"yoast_head":"<!-- This site is optimized with the Yoast SEO plugin v21.8 - https:\/\/yoast.com\/wordpress\/plugins\/seo\/ -->\n<title>NMS\/VS LENZING - Architektinnen Schremmer-Jell<\/title>\n<meta name=\"robots\" content=\"index, follow, max-snippet:-1, max-image-preview:large, max-video-preview:-1\" \/>\n<link rel=\"canonical\" href=\"https:\/\/schrell.at\/de\/neue-mittelschule\/\" \/>\n<meta property=\"og:locale\" content=\"en_GB\" \/>\n<meta property=\"og:type\" content=\"article\" \/>\n<meta property=\"og:title\" content=\"NMS\/VS LENZING - Architektinnen Schremmer-Jell\" \/>\n<meta property=\"og:description\" content=\"NEUE MITTELSCHULE &amp; VOLKSSCHULE MIT 3-FACH TURNHALLE LENZING Wettbewerb 2006 | Er\u00f6ffnung: Oktober 2012\" \/>\n<meta property=\"og:url\" content=\"https:\/\/schrell.at\/de\/neue-mittelschule\/\" \/>\n<meta property=\"og:site_name\" content=\"Architektinnen Schremmer-Jell\" \/>\n<meta property=\"article:publisher\" content=\"https:\/\/www.facebook.com\/ArchitektinnenSchremmerJell\" \/>\n<meta property=\"article:published_time\" content=\"2017-01-31T22:00:07+00:00\" \/>\n<meta property=\"article:modified_time\" content=\"2023-02-08T09:24:33+00:00\" \/>\n<meta property=\"og:image\" content=\"https:\/\/schrell.at\/de\/wp-content\/uploads\/2022\/06\/DSC0524-1024x683.jpg\" \/>\n\t<meta property=\"og:image:width\" content=\"1024\" \/>\n\t<meta property=\"og:image:height\" content=\"683\" \/>\n\t<meta property=\"og:image:type\" content=\"image\/jpeg\" \/>\n<meta name=\"author\" content=\"maspiv\" \/>\n<meta name=\"twitter:label1\" content=\"Written by\" \/>\n\t<meta name=\"twitter:data1\" content=\"maspiv\" \/>\n\t<meta name=\"twitter:label2\" content=\"Estimated reading time\" \/>\n\t<meta name=\"twitter:data2\" content=\"1 minute\" \/>\n<script type=\"application\/ld+json\" class=\"yoast-schema-graph\">{\"@context\":\"https:\/\/schema.org\",\"@graph\":[{\"@type\":\"Article\",\"@id\":\"https:\/\/schrell.at\/de\/neue-mittelschule\/#article\",\"isPartOf\":{\"@id\":\"https:\/\/schrell.at\/de\/neue-mittelschule\/\"},\"author\":{\"name\":\"maspiv\",\"@id\":\"https:\/\/schrell.at\/de\/#\/schema\/person\/1729db881a3771e0fe783a69c884578b\"},\"headline\":\"NMS\/VS LENZING\",\"datePublished\":\"2017-01-31T22:00:07+00:00\",\"dateModified\":\"2023-02-08T09:24:33+00:00\",\"mainEntityOfPage\":{\"@id\":\"https:\/\/schrell.at\/de\/neue-mittelschule\/\"},\"wordCount\":144,\"publisher\":{\"@id\":\"https:\/\/schrell.at\/de\/#organization\"},\"articleSection\":[\"Bildungsbau\",\"\u00d6ffentlich\",\"Projekte\",\"St\u00e4dtebau\",\"Wettbewerb\"],\"inLanguage\":\"en-GB\"},{\"@type\":\"WebPage\",\"@id\":\"https:\/\/schrell.at\/de\/neue-mittelschule\/\",\"url\":\"https:\/\/schrell.at\/de\/neue-mittelschule\/\",\"name\":\"NMS\/VS LENZING - Architektinnen Schremmer-Jell\",\"isPartOf\":{\"@id\":\"https:\/\/schrell.at\/de\/#website\"},\"datePublished\":\"2017-01-31T22:00:07+00:00\",\"dateModified\":\"2023-02-08T09:24:33+00:00\",\"breadcrumb\":{\"@id\":\"https:\/\/schrell.at\/de\/neue-mittelschule\/#breadcrumb\"},\"inLanguage\":\"en-GB\",\"potentialAction\":[{\"@type\":\"ReadAction\",\"target\":[\"https:\/\/schrell.at\/de\/neue-mittelschule\/\"]}]},{\"@type\":\"BreadcrumbList\",\"@id\":\"https:\/\/schrell.at\/de\/neue-mittelschule\/#breadcrumb\",\"itemListElement\":[{\"@type\":\"ListItem\",\"position\":1,\"name\":\"Home\",\"item\":\"https:\/\/schrell.at\/de\/\"},{\"@type\":\"ListItem\",\"position\":2,\"name\":\"NMS\/VS LENZING\"}]},{\"@type\":\"WebSite\",\"@id\":\"https:\/\/schrell.at\/de\/#website\",\"url\":\"https:\/\/schrell.at\/de\/\",\"name\":\"Architektinnen Schremmer-Jell\",\"description\":\"Architekturb\u00fcro Ottensheimerstra\u00dfe 58 LINZ\",\"publisher\":{\"@id\":\"https:\/\/schrell.at\/de\/#organization\"},\"potentialAction\":[{\"@type\":\"SearchAction\",\"target\":{\"@type\":\"EntryPoint\",\"urlTemplate\":\"https:\/\/schrell.at\/de\/?s={search_term_string}\"},\"query-input\":\"required name=search_term_string\"}],\"inLanguage\":\"en-GB\"},{\"@type\":\"Organization\",\"@id\":\"https:\/\/schrell.at\/de\/#organization\",\"name\":\"Architektinnen Schremmer-Jell\",\"url\":\"https:\/\/schrell.at\/de\/\",\"logo\":{\"@type\":\"ImageObject\",\"inLanguage\":\"en-GB\",\"@id\":\"https:\/\/schrell.at\/de\/#\/schema\/logo\/image\/\",\"url\":\"https:\/\/schrell.at\/de\/wp-content\/uploads\/2023\/10\/Sch_Logo_grun_hoch.jpg\",\"contentUrl\":\"https:\/\/schrell.at\/de\/wp-content\/uploads\/2023\/10\/Sch_Logo_grun_hoch.jpg\",\"width\":1296,\"height\":1747,\"caption\":\"Architektinnen Schremmer-Jell\"},\"image\":{\"@id\":\"https:\/\/schrell.at\/de\/#\/schema\/logo\/image\/\"},\"sameAs\":[\"https:\/\/www.facebook.com\/ArchitektinnenSchremmerJell\",\"https:\/\/www.instagram.com\/architektinnenschremmer\/\"]},{\"@type\":\"Person\",\"@id\":\"https:\/\/schrell.at\/de\/#\/schema\/person\/1729db881a3771e0fe783a69c884578b\",\"name\":\"maspiv\",\"image\":{\"@type\":\"ImageObject\",\"inLanguage\":\"en-GB\",\"@id\":\"https:\/\/schrell.at\/de\/#\/schema\/person\/image\/\",\"url\":\"https:\/\/secure.gravatar.com\/avatar\/daefedb500327e87a87ca92d88b5c218?s=96&d=retro&r=g\",\"contentUrl\":\"https:\/\/secure.gravatar.com\/avatar\/daefedb500327e87a87ca92d88b5c218?s=96&d=retro&r=g\",\"caption\":\"maspiv\"},\"url\":\"https:\/\/schrell.at\/de\/author\/maspiv\/\"}]}<\/script>\n<!-- \/ Yoast SEO plugin. -->","yoast_head_json":{"title":"NMS\/VS LENZING - Architektinnen Schremmer-Jell","robots":{"index":"index","follow":"follow","max-snippet":"max-snippet:-1","max-image-preview":"max-image-preview:large","max-video-preview":"max-video-preview:-1"},"canonical":"https:\/\/schrell.at\/de\/neue-mittelschule\/","og_locale":"en_GB","og_type":"article","og_title":"NMS\/VS LENZING - Architektinnen Schremmer-Jell","og_description":"NEUE MITTELSCHULE &amp; VOLKSSCHULE MIT 3-FACH TURNHALLE LENZING Wettbewerb 2006 | Er\u00f6ffnung: Oktober 2012","og_url":"https:\/\/schrell.at\/de\/neue-mittelschule\/","og_site_name":"Architektinnen Schremmer-Jell","article_publisher":"https:\/\/www.facebook.com\/ArchitektinnenSchremmerJell","article_published_time":"2017-01-31T22:00:07+00:00","article_modified_time":"2023-02-08T09:24:33+00:00","og_image":[{"width":1024,"height":683,"url":"https:\/\/schrell.at\/de\/wp-content\/uploads\/2022\/06\/DSC0524-1024x683.jpg","type":"image\/jpeg"}],"author":"maspiv","twitter_misc":{"Written by":"maspiv","Estimated reading time":"1 minute"},"schema":{"@context":"https:\/\/schema.org","@graph":[{"@type":"Article","@id":"https:\/\/schrell.at\/de\/neue-mittelschule\/#article","isPartOf":{"@id":"https:\/\/schrell.at\/de\/neue-mittelschule\/"},"author":{"name":"maspiv","@id":"https:\/\/schrell.at\/de\/#\/schema\/person\/1729db881a3771e0fe783a69c884578b"},"headline":"NMS\/VS LENZING","datePublished":"2017-01-31T22:00:07+00:00","dateModified":"2023-02-08T09:24:33+00:00","mainEntityOfPage":{"@id":"https:\/\/schrell.at\/de\/neue-mittelschule\/"},"wordCount":144,"publisher":{"@id":"https:\/\/schrell.at\/de\/#organization"},"articleSection":["Bildungsbau","\u00d6ffentlich","Projekte","St\u00e4dtebau","Wettbewerb"],"inLanguage":"en-GB"},{"@type":"WebPage","@id":"https:\/\/schrell.at\/de\/neue-mittelschule\/","url":"https:\/\/schrell.at\/de\/neue-mittelschule\/","name":"NMS\/VS LENZING - Architektinnen Schremmer-Jell","isPartOf":{"@id":"https:\/\/schrell.at\/de\/#website"},"datePublished":"2017-01-31T22:00:07+00:00","dateModified":"2023-02-08T09:24:33+00:00","breadcrumb":{"@id":"https:\/\/schrell.at\/de\/neue-mittelschule\/#breadcrumb"},"inLanguage":"en-GB","potentialAction":[{"@type":"ReadAction","target":["https:\/\/schrell.at\/de\/neue-mittelschule\/"]}]},{"@type":"BreadcrumbList","@id":"https:\/\/schrell.at\/de\/neue-mittelschule\/#breadcrumb","itemListElement":[{"@type":"ListItem","position":1,"name":"Home","item":"https:\/\/schrell.at\/de\/"},{"@type":"ListItem","position":2,"name":"NMS\/VS LENZING"}]},{"@type":"WebSite","@id":"https:\/\/schrell.at\/de\/#website","url":"https:\/\/schrell.at\/de\/","name":"Architektinnen Schremmer-Jell","description":"Architekturb\u00fcro Ottensheimerstra\u00dfe 58 LINZ","publisher":{"@id":"https:\/\/schrell.at\/de\/#organization"},"potentialAction":[{"@type":"SearchAction","target":{"@type":"EntryPoint","urlTemplate":"https:\/\/schrell.at\/de\/?s={search_term_string}"},"query-input":"required name=search_term_string"}],"inLanguage":"en-GB"},{"@type":"Organization","@id":"https:\/\/schrell.at\/de\/#organization","name":"Architektinnen Schremmer-Jell","url":"https:\/\/schrell.at\/de\/","logo":{"@type":"ImageObject","inLanguage":"en-GB","@id":"https:\/\/schrell.at\/de\/#\/schema\/logo\/image\/","url":"https:\/\/schrell.at\/de\/wp-content\/uploads\/2023\/10\/Sch_Logo_grun_hoch.jpg","contentUrl":"https:\/\/schrell.at\/de\/wp-content\/uploads\/2023\/10\/Sch_Logo_grun_hoch.jpg","width":1296,"height":1747,"caption":"Architektinnen Schremmer-Jell"},"image":{"@id":"https:\/\/schrell.at\/de\/#\/schema\/logo\/image\/"},"sameAs":["https:\/\/www.facebook.com\/ArchitektinnenSchremmerJell","https:\/\/www.instagram.com\/architektinnenschremmer\/"]},{"@type":"Person","@id":"https:\/\/schrell.at\/de\/#\/schema\/person\/1729db881a3771e0fe783a69c884578b","name":"maspiv","image":{"@type":"ImageObject","inLanguage":"en-GB","@id":"https:\/\/schrell.at\/de\/#\/schema\/person\/image\/","url":"https:\/\/secure.gravatar.com\/avatar\/daefedb500327e87a87ca92d88b5c218?s=96&d=retro&r=g","contentUrl":"https:\/\/secure.gravatar.com\/avatar\/daefedb500327e87a87ca92d88b5c218?s=96&d=retro&r=g","caption":"maspiv"},"url":"https:\/\/schrell.at\/de\/author\/maspiv\/"}]}},"_links":{"self":[{"href":"https:\/\/schrell.at\/de\/wp-json\/wp\/v2\/posts\/131"}],"collection":[{"href":"https:\/\/schrell.at\/de\/wp-json\/wp\/v2\/posts"}],"about":[{"href":"https:\/\/schrell.at\/de\/wp-json\/wp\/v2\/types\/post"}],"author":[{"embeddable":true,"href":"https:\/\/schrell.at\/de\/wp-json\/wp\/v2\/users\/1"}],"replies":[{"embeddable":true,"href":"https:\/\/schrell.at\/de\/wp-json\/wp\/v2\/comments?post=131"}],"version-history":[{"count":18,"href":"https:\/\/schrell.at\/de\/wp-json\/wp\/v2\/posts\/131\/revisions"}],"predecessor-version":[{"id":3671,"href":"https:\/\/schrell.at\/de\/wp-json\/wp\/v2\/posts\/131\/revisions\/3671"}],"wp:featuredmedia":[{"embeddable":true,"href":"https:\/\/schrell.at\/de\/wp-json\/wp\/v2\/media\/2753"}],"wp:attachment":[{"href":"https:\/\/schrell.at\/de\/wp-json\/wp\/v2\/media?parent=131"}],"wp:term":[{"taxonomy":"category","embeddable":true,"href":"https:\/\/schrell.at\/de\/wp-json\/wp\/v2\/categories?post=131"},{"taxonomy":"post_tag","embeddable":true,"href":"https:\/\/schrell.at\/de\/wp-json\/wp\/v2\/tags?post=131"}],"curies":[{"name":"wp","href":"https:\/\/api.w.org\/{rel}","templated":true}]}}