{"id":1501,"date":"2022-03-02T20:00:00","date_gmt":"2022-03-02T18:00:00","guid":{"rendered":"http:\/\/schrell.at\/de\/?p=1501"},"modified":"2024-11-13T14:19:14","modified_gmt":"2024-11-13T12:19:14","slug":"dorfhalle-schule","status":"publish","type":"post","link":"https:\/\/schrell.at\/de\/dorfhalle-schule\/","title":{"rendered":"DORFHALLE SCHULE"},"content":{"rendered":"<h3>DORFHALLE SCHULE | FRANCKSTRA\u00dfE LINZ<\/h3>\n<h4><a class=\"AnchorDown\" style=\"float: right;\" href=\"#text\">zum Text \u2193<\/a>Bauen im Denkmalschutz | Aufstockung |\u00a0Fertigstellung 2021 |\u00a0<a href=\"https:\/\/schrell.at\/de\/wp-content\/uploads\/2022\/08\/Portfolio_Schrell_Doha.pdf\" target=\"_blank\" rel=\"noopener\">Portfolio<\/a> |\u00a0<a href=\"\/de\/wp-content\/uploads\/2022\/05\/Doha_KURZ_Projektbericht_Schremmer.pdf\" target=\"_blank\" rel=\"noopener\">Projektbericht [pdf]<\/a> | <a href=\"https:\/\/schrell.at\/de\/mobiliar-dorfhalleschule-linz\/\">M\u00f6blierung \u00bb<\/a><\/h4>\n<div style=\"height: 20px;\"><\/div>\n<div class=\"gdc_row\"><div class=\"gdc_column gdc_ctwo-thirds\"><div class=\"gdc_inner\"><br \/>\n<!--1--><img loading=\"lazy\" decoding=\"async\" width=\"3000\" height=\"1688\" class=\"alignnone size-large wp-image-3043\" src=\"https:\/\/schrell.at\/de\/wp-content\/uploads\/2022\/11\/001_dorfhalle-schule-franckstrasse-linz-2022_schremmer-jell-architektinnen_foto_kurt.hoerbst_2211091618.jpg\" alt=\"DORFHALLE SCHULE | FRANCKSTRASSE LINZ\" data-id=\"3043\" srcset=\"https:\/\/schrell.at\/de\/wp-content\/uploads\/2022\/11\/001_dorfhalle-schule-franckstrasse-linz-2022_schremmer-jell-architektinnen_foto_kurt.hoerbst_2211091618.jpg 3000w, https:\/\/schrell.at\/de\/wp-content\/uploads\/2022\/11\/001_dorfhalle-schule-franckstrasse-linz-2022_schremmer-jell-architektinnen_foto_kurt.hoerbst_2211091618-300x169.jpg 300w, https:\/\/schrell.at\/de\/wp-content\/uploads\/2022\/11\/001_dorfhalle-schule-franckstrasse-linz-2022_schremmer-jell-architektinnen_foto_kurt.hoerbst_2211091618-1024x576.jpg 1024w\" sizes=\"(max-width: 3000px) 100vw, 3000px\" \/><br \/>\n<!--2--><img loading=\"lazy\" decoding=\"async\" class=\"alignnone size-large wp-image-4018\" src=\"https:\/\/schrell.at\/de\/wp-content\/uploads\/2023\/06\/002_dorfhalleschule-franckstrasse-2023_schremmer-jell_foto_kurt.hoerbst_2305312318-1200x1600.jpg\" alt=\"DORFHALLE SCHULE | FRANCKSTRASSE LINZ\" width=\"1180\" height=\"1573\" data-id=\"4018\" srcset=\"https:\/\/schrell.at\/de\/wp-content\/uploads\/2023\/06\/002_dorfhalleschule-franckstrasse-2023_schremmer-jell_foto_kurt.hoerbst_2305312318-1200x1600.jpg 1200w, https:\/\/schrell.at\/de\/wp-content\/uploads\/2023\/06\/002_dorfhalleschule-franckstrasse-2023_schremmer-jell_foto_kurt.hoerbst_2305312318-660x880.jpg 660w\" sizes=\"(max-width: 1180px) 100vw, 1180px\" \/><br \/>\n<!--3--><img loading=\"lazy\" decoding=\"async\" class=\"alignnone size-large wp-image-4036\" src=\"https:\/\/schrell.at\/de\/wp-content\/uploads\/2023\/06\/032_dorfhalleschule-franckstrasse-2023_schremmer-jell_foto_kurt.hoerbst_2305313558-1600x1200.jpg\" alt=\"DORFHALLE SCHULE | FRANCKSTRASSE LINZ\" width=\"1180\" height=\"885\" data-id=\"4036\" srcset=\"https:\/\/schrell.at\/de\/wp-content\/uploads\/2023\/06\/032_dorfhalleschule-franckstrasse-2023_schremmer-jell_foto_kurt.hoerbst_2305313558-1600x1200.jpg 1600w, https:\/\/schrell.at\/de\/wp-content\/uploads\/2023\/06\/032_dorfhalleschule-franckstrasse-2023_schremmer-jell_foto_kurt.hoerbst_2305313558-880x660.jpg 880w\" sizes=\"(max-width: 1180px) 100vw, 1180px\" \/><br \/>\n<!--4--><img loading=\"lazy\" decoding=\"async\" class=\"alignnone size-large wp-image-4023\" src=\"https:\/\/schrell.at\/de\/wp-content\/uploads\/2023\/06\/059_dorfhalleschule-franckstrasse-2023_schremmer-jell_foto_kurt.hoerbst_2305315529-1600x1198.jpg\" alt=\"DORFHALLE SCHULE | FRANCKSTRASSE LINZ\" width=\"1180\" height=\"884\" data-id=\"4023\" srcset=\"https:\/\/schrell.at\/de\/wp-content\/uploads\/2023\/06\/059_dorfhalleschule-franckstrasse-2023_schremmer-jell_foto_kurt.hoerbst_2305315529-1600x1198.jpg 1600w, https:\/\/schrell.at\/de\/wp-content\/uploads\/2023\/06\/059_dorfhalleschule-franckstrasse-2023_schremmer-jell_foto_kurt.hoerbst_2305315529-880x659.jpg 880w\" sizes=\"(max-width: 1180px) 100vw, 1180px\" \/><br \/>\n<!--5--><img loading=\"lazy\" decoding=\"async\" class=\"alignnone size-full wp-image-2735\" src=\"https:\/\/schrell.at\/de\/wp-content\/uploads\/2022\/06\/DOHA_05-e1655204919367.jpg\" alt=\"DOHA_05\" width=\"934\" height=\"676\" data-id=\"2735\" srcset=\"https:\/\/schrell.at\/de\/wp-content\/uploads\/2022\/06\/DOHA_05-e1655204919367.jpg 934w, https:\/\/schrell.at\/de\/wp-content\/uploads\/2022\/06\/DOHA_05-e1655204919367-300x217.jpg 300w\" sizes=\"(max-width: 934px) 100vw, 934px\" \/><br \/>\n<!--6--><img loading=\"lazy\" decoding=\"async\" class=\"alignnone size-large wp-image-4025\" src=\"https:\/\/schrell.at\/de\/wp-content\/uploads\/2023\/06\/009_dorfhalleschule-franckstrasse-2023_schremmer-jell_foto_kurt.hoerbst_2305313800-1200x1600.jpg\" alt=\"DORFHALLE SCHULE | FRANCKSTRASSE LINZ\" width=\"1180\" height=\"1573\" data-id=\"4025\" srcset=\"https:\/\/schrell.at\/de\/wp-content\/uploads\/2023\/06\/009_dorfhalleschule-franckstrasse-2023_schremmer-jell_foto_kurt.hoerbst_2305313800-1200x1600.jpg 1200w, https:\/\/schrell.at\/de\/wp-content\/uploads\/2023\/06\/009_dorfhalleschule-franckstrasse-2023_schremmer-jell_foto_kurt.hoerbst_2305313800-660x880.jpg 660w\" sizes=\"(max-width: 1180px) 100vw, 1180px\" \/><br \/>\n<!--7--><img loading=\"lazy\" decoding=\"async\" class=\"alignnone size-large wp-image-4042\" src=\"https:\/\/schrell.at\/de\/wp-content\/uploads\/2023\/06\/048_dorfhalleschule-franckstrasse-2023_schremmer-jell_foto_kurt.hoerbst_2305312726--1600x1583.png\" alt=\"048_dorfhalleschule-franckstrasse-2023_schremmer-jell_foto_kurt.hoerbst_2305312726-\" width=\"1180\" height=\"1167\" data-id=\"4042\" srcset=\"https:\/\/schrell.at\/de\/wp-content\/uploads\/2023\/06\/048_dorfhalleschule-franckstrasse-2023_schremmer-jell_foto_kurt.hoerbst_2305312726--1600x1583.png 1600w, https:\/\/schrell.at\/de\/wp-content\/uploads\/2023\/06\/048_dorfhalleschule-franckstrasse-2023_schremmer-jell_foto_kurt.hoerbst_2305312726--880x871.png 880w\" sizes=\"(max-width: 1180px) 100vw, 1180px\" \/><br \/>\n<!--8--><img loading=\"lazy\" decoding=\"async\" class=\"alignnone size-full wp-image-2415\" src=\"https:\/\/schrell.at\/de\/wp-content\/uploads\/2022\/02\/Schrell-Hort-Frank_byDanielaKoeppl-Web-2.jpg\" alt=\"Schrell-Hort-Frank_byDanielaKoeppl-Web-2\" width=\"1200\" height=\"1800\" data-id=\"2415\" srcset=\"https:\/\/schrell.at\/de\/wp-content\/uploads\/2022\/02\/Schrell-Hort-Frank_byDanielaKoeppl-Web-2.jpg 1200w, https:\/\/schrell.at\/de\/wp-content\/uploads\/2022\/02\/Schrell-Hort-Frank_byDanielaKoeppl-Web-2-200x300.jpg 200w, https:\/\/schrell.at\/de\/wp-content\/uploads\/2022\/02\/Schrell-Hort-Frank_byDanielaKoeppl-Web-2-683x1024.jpg 683w\" sizes=\"(max-width: 1200px) 100vw, 1200px\" \/><br \/>\n<!--9--><img loading=\"lazy\" decoding=\"async\" class=\"alignnone size-full wp-image-2357\" src=\"https:\/\/schrell.at\/de\/wp-content\/uploads\/2022\/02\/Schrell-Hort-Frank_byDanielaKoeppl-Web-211119161914.jpg\" alt=\"Schrell-Hort-Frank_byDanielaKoeppl-Web-211119161914\" width=\"1800\" height=\"1200\" data-id=\"2357\" srcset=\"https:\/\/schrell.at\/de\/wp-content\/uploads\/2022\/02\/Schrell-Hort-Frank_byDanielaKoeppl-Web-211119161914.jpg 1800w, https:\/\/schrell.at\/de\/wp-content\/uploads\/2022\/02\/Schrell-Hort-Frank_byDanielaKoeppl-Web-211119161914-300x200.jpg 300w, https:\/\/schrell.at\/de\/wp-content\/uploads\/2022\/02\/Schrell-Hort-Frank_byDanielaKoeppl-Web-211119161914-1024x683.jpg 1024w\" sizes=\"(max-width: 1800px) 100vw, 1800px\" \/><br \/>\n<!--10--><img loading=\"lazy\" decoding=\"async\" class=\"alignnone size-large wp-image-4040\" src=\"https:\/\/schrell.at\/de\/wp-content\/uploads\/2023\/06\/026_dorfhalleschule-franckstrasse-2023_schremmer-jell_foto_kurt.hoerbst_2305313056-1200x1600.jpg\" alt=\"DORFHALLE SCHULE | FRANCKSTRASSE LINZ\" width=\"1180\" height=\"1573\" data-id=\"4040\" srcset=\"https:\/\/schrell.at\/de\/wp-content\/uploads\/2023\/06\/026_dorfhalleschule-franckstrasse-2023_schremmer-jell_foto_kurt.hoerbst_2305313056-1200x1600.jpg 1200w, https:\/\/schrell.at\/de\/wp-content\/uploads\/2023\/06\/026_dorfhalleschule-franckstrasse-2023_schremmer-jell_foto_kurt.hoerbst_2305313056-660x880.jpg 660w\" sizes=\"(max-width: 1180px) 100vw, 1180px\" \/><br \/>\n<!--11--><img loading=\"lazy\" decoding=\"async\" class=\"alignnone size-large wp-image-4028\" src=\"https:\/\/schrell.at\/de\/wp-content\/uploads\/2023\/06\/014_dorfhalleschule-franckstrasse-2023_schremmer-jell_foto_kurt.hoerbst_2305312729-1600x1200.jpg\" alt=\"DORFHALLE SCHULE | FRANCKSTRASSE LINZ\" width=\"1180\" height=\"885\" data-id=\"4028\" srcset=\"https:\/\/schrell.at\/de\/wp-content\/uploads\/2023\/06\/014_dorfhalleschule-franckstrasse-2023_schremmer-jell_foto_kurt.hoerbst_2305312729-1600x1200.jpg 1600w, https:\/\/schrell.at\/de\/wp-content\/uploads\/2023\/06\/014_dorfhalleschule-franckstrasse-2023_schremmer-jell_foto_kurt.hoerbst_2305312729-880x660.jpg 880w\" sizes=\"(max-width: 1180px) 100vw, 1180px\" \/><br \/>\n<!--12--><img loading=\"lazy\" decoding=\"async\" class=\"alignnone size-large wp-image-4034\" src=\"https:\/\/schrell.at\/de\/wp-content\/uploads\/2023\/06\/050_dorfhalleschule-franckstrasse-2023_schremmer-jell_foto_kurt.hoerbst_2305314507-1600x1198.jpg\" alt=\"DORFHALLE SCHULE | FRANCKSTRASSE LINZ\" width=\"1180\" height=\"884\" data-id=\"4034\" srcset=\"https:\/\/schrell.at\/de\/wp-content\/uploads\/2023\/06\/050_dorfhalleschule-franckstrasse-2023_schremmer-jell_foto_kurt.hoerbst_2305314507-1600x1198.jpg 1600w, https:\/\/schrell.at\/de\/wp-content\/uploads\/2023\/06\/050_dorfhalleschule-franckstrasse-2023_schremmer-jell_foto_kurt.hoerbst_2305314507-880x659.jpg 880w\" sizes=\"(max-width: 1180px) 100vw, 1180px\" \/><br \/>\n<!--13--><img loading=\"lazy\" decoding=\"async\" class=\"alignnone size-full wp-image-2733\" src=\"https:\/\/schrell.at\/de\/wp-content\/uploads\/2022\/06\/DOHA_02.jpg\" alt=\"DOHA_02\" width=\"1200\" height=\"1200\" data-id=\"2733\" srcset=\"https:\/\/schrell.at\/de\/wp-content\/uploads\/2022\/06\/DOHA_02.jpg 1200w, https:\/\/schrell.at\/de\/wp-content\/uploads\/2022\/06\/DOHA_02-150x150.jpg 150w, https:\/\/schrell.at\/de\/wp-content\/uploads\/2022\/06\/DOHA_02-300x300.jpg 300w, https:\/\/schrell.at\/de\/wp-content\/uploads\/2022\/06\/DOHA_02-1024x1024.jpg 1024w, https:\/\/schrell.at\/de\/wp-content\/uploads\/2022\/06\/DOHA_02-590x590.jpg 590w\" sizes=\"(max-width: 1200px) 100vw, 1200px\" \/><br \/>\n<!--14--><img loading=\"lazy\" decoding=\"async\" class=\"alignnone size-large wp-image-4030\" src=\"https:\/\/schrell.at\/de\/wp-content\/uploads\/2023\/06\/058_dorfhalleschule-franckstrasse-2023_schremmer-jell_foto_kurt.hoerbst_2305315422-1600x1198.jpg\" alt=\"DORFHALLE SCHULE | FRANCKSTRASSE LINZ\" width=\"1180\" height=\"884\" data-id=\"4030\" srcset=\"https:\/\/schrell.at\/de\/wp-content\/uploads\/2023\/06\/058_dorfhalleschule-franckstrasse-2023_schremmer-jell_foto_kurt.hoerbst_2305315422-1600x1198.jpg 1600w, https:\/\/schrell.at\/de\/wp-content\/uploads\/2023\/06\/058_dorfhalleschule-franckstrasse-2023_schremmer-jell_foto_kurt.hoerbst_2305315422-880x659.jpg 880w\" sizes=\"(max-width: 1180px) 100vw, 1180px\" \/><br \/>\n<!--15--><img loading=\"lazy\" decoding=\"async\" class=\"alignnone size-large wp-image-4031\" src=\"https:\/\/schrell.at\/de\/wp-content\/uploads\/2023\/06\/054_dorfhalleschule-franckstrasse-2023_schremmer-jell_foto_kurt.hoerbst_2305314923-1600x1198.jpg\" alt=\"DORFHALLE SCHULE | FRANCKSTRASSE LINZ\" width=\"1180\" height=\"884\" data-id=\"4031\" srcset=\"https:\/\/schrell.at\/de\/wp-content\/uploads\/2023\/06\/054_dorfhalleschule-franckstrasse-2023_schremmer-jell_foto_kurt.hoerbst_2305314923-1600x1198.jpg 1600w, https:\/\/schrell.at\/de\/wp-content\/uploads\/2023\/06\/054_dorfhalleschule-franckstrasse-2023_schremmer-jell_foto_kurt.hoerbst_2305314923-880x659.jpg 880w\" sizes=\"(max-width: 1180px) 100vw, 1180px\" \/><\/p>\n<p><\/div><\/div><div class=\"gdc_column gdc_cthird\"><div class=\"gdc_inner\"><a id=\"text\"><\/a><\/p>\n<h4>BAUHERR<\/h4>\n<h4>Immobilien Linz GmbH&amp;Co Kg<\/h4>\n<h4>NUTZUNG<\/h4>\n<p>Volksschule mit ganzt\u00e4giger Schulform,<br \/>\nNeubau von 7 klassenwertigen R\u00e4umen, Bewegungsr\u00e4umen, multifunktionale Bereiche<br \/>\nmit Loggien, Personalraum, Konferenzzimmer,<br \/>\nSch\u00fclerausspeisung, Adaptierung, Sanierung<br \/>\nund Umnutzung im denkmalgesch\u00fctzen Bestand-\u00d6ffentliche Kinderbetreuung<br \/>\nVS 33 Dorfhalle Schule, 4020 Linz<\/p>\n<h4>T\u00c4TIGKEIT<\/h4>\n<p>Architekturleistungen<\/p>\n<h4>NUTZFL\u00c4CHE<\/h4>\n<p>900 m2 Neubau, 2.500 m2 Sanierung<\/p>\n<h4>FERTIGSTELLUNG<\/h4>\n<p>2021<br \/>\n<div class=\"cycloneslider cycloneslider-template-default cycloneslider-width-responsive\" id=\"cycloneslider-dorfhalle-schule-1\" style=\"max-width:960px\" > <div class=\"cycloneslider-slides cycle-slideshow\" data-cycle-allow-wrap=\"true\" data-cycle-dynamic-height=\"off\" data-cycle-auto-height=\"960:600\" data-cycle-auto-height-easing=\"null\" data-cycle-auto-height-speed=\"250\" data-cycle-delay=\"0\" data-cycle-easing=\"\" data-cycle-fx=\"fade\" data-cycle-hide-non-active=\"true\" data-cycle-log=\"false\" data-cycle-next=\"#cycloneslider-dorfhalle-schule-1 .cycloneslider-next\" data-cycle-pager=\"#cycloneslider-dorfhalle-schule-1 .cycloneslider-pager\" data-cycle-pause-on-hover=\"true\" data-cycle-prev=\"#cycloneslider-dorfhalle-schule-1 .cycloneslider-prev\" data-cycle-slides=\"&gt; div\" data-cycle-speed=\"1000\" data-cycle-swipe=\"false\" data-cycle-tile-count=\"7\" data-cycle-tile-delay=\"100\" data-cycle-tile-vertical=\"true\" data-cycle-timeout=\"4000\" > <div class=\"cycloneslider-slide cycloneslider-slide-image\" > <img decoding=\"async\" src=\"https:\/\/schrell.at\/de\/wp-content\/uploads\/2020\/02\/frank-s4d-960x600.jpg\" alt=\"\" title=\"\" \/> <\/div> <div class=\"cycloneslider-slide cycloneslider-slide-image\" > <img decoding=\"async\" src=\"https:\/\/schrell.at\/de\/wp-content\/uploads\/2020\/02\/Bildschirmfoto-2020-02-14-um-10.42.45-960x600.png\" alt=\"\" title=\"\" \/> <\/div> <div class=\"cycloneslider-slide cycloneslider-slide-image\" > <img decoding=\"async\" src=\"https:\/\/schrell.at\/de\/wp-content\/uploads\/2020\/02\/Bildschirmfoto-2020-02-14-um-10.43.08-960x600.png\" alt=\"\" title=\"\" \/> <\/div> <div class=\"cycloneslider-slide cycloneslider-slide-image\" > <img decoding=\"async\" src=\"https:\/\/schrell.at\/de\/wp-content\/uploads\/2020\/02\/frank-s3d-960x600.jpg\" alt=\"\" title=\"\" \/> <\/div> <\/div> <div class=\"cycloneslider-pager\"><\/div> <\/div><br \/>\n<!--\n\n\n<h4>AUFSTOCKUNG DES DENKMALGESCH\u00dcTZTEN SCHULGEB\u00c4UDES<\/h4>\n\n\nVoraussetzung fu\u0308r die Aufstockung der denkmalgeschu\u0308tzten Volkschule und Hort im Stadtteil Franckviertel ist die notwendige Erweiterung um Gruppen -bzw. klassenwertige Ra\u0308ume. Der bestehende Strassenraum Franckstrasse ist breit, die umliegenden Geba\u0308ude hoch. Eine Aufstockung bzw.Verdichtung ist daher vertretbar. Auch die Erhaltung wertvoller Freifla\u0308chen im innersta\u0308dtischen Bereich bleiben so erhalten. Durch R\u00fcckbaubau sp\u00e4terer Einbauten bleibt das urspr\u00fcngliche Foyer erhalten.\n\nArchitektur\/Gestaltungselemente der Aufstockung:\nEin zuru\u0308ckhaltender Bauko\u0308rper in enger Abstimmung mit den Bestandsgeba\u0308uden wird als Aufstockung konzipiert. Eine klare Za\u0308sur zwischen Altbau und Neubau entsteht in Form eines Geba\u0308uderu\u0308cksprungs u\u0308ber dem umlaufenden Gesims. Somit erha\u0308lt der neue Bauko\u0308rper \u201eschwebenden\" Charakter.\n\nDie Ho\u0308he des Geba\u0308udes ist niedrig gehalten um sich dem Bestand klar unterzuordnen. Zur Franckstrasse entsteht ein flachgeneigtes Pultdach (Neigung parallel wie Bestand), hofseitig ein Flachdach. Somit entsteht ein Oberlicht, das fu\u0308r die Belichtung der innenliegenden Raumzonen dient. Zwei direkt zuga\u0308ngliche Freira\u0308ume, die zur Belichtung u\u0308ber Eck der Gruppenra\u0308ume dienen bzw. die Mo\u0308glichkeit fu\u0308r Bepflanzung bieten sind den Mehrzweckfla\u0308chen, die offen gestaltet sind ra\u0308umlich zugeordnet. Errichtung eines hofseitig gelegenen Aufzuges dient der barrierefreien Erschliessung des Geba\u0308udes. Die bestehenden 2 Stiegenha\u0308user werden nach oben im Duktus des Bestandes verla\u0308ngert. Zwischen Stiege 1 und dem Aufzug entsteht eine Erschliessungzone in der in jedem Geschoss die Garderoben und Sanita\u0308ranlagen angeordnet sind. Die gruppen -bzw. klassenwertige Ra\u0308ume werden clusterartig angeordnet, der Bewegungsraum und die Differenzierungsra\u0308ume sollen flexibel genutzt und geo\u0308ffnet werden ko\u0308nnen um moderne Pa\u0308dagogik zu ermo\u0308glichen.\n\nKonstruktion\/Materialien\nAus statischen Gru\u0308nden wird ein Leichtbau in Holzbauweise ausgefu\u0308hrt.\nDie Fassadengestaltung orientiert sich an der bestehenden darunter liegenden Gliederung der Fassade.\nFlachdach mit extensiver Begru\u0308nung.\nProjektdaten\/ Raumprogramm\n\n3.Obergeschoss: In der Aufstockung : Anbindung Aufzug und Garderoben, 5 gruppenwertige Hortra\u0308ume, Bewegungsraum, 2 Klassenra\u0308ume, 3 Mehrzweckra\u0308ume, Sozialraum Personal\n2.Obergeschoss: Anbindung Aufzug und Garderoben, Klassenra\u0308ume Bestand 1.Obergeschoss: Anbindung Aufzug und Garderoben, Adaptierung von 2 bestehenden Hortgruppen: Konferenzzimmer, Sozialraum,Direktor, Klassenra\u0308ume Bestand Erdgeschoss: Eingangshalle als multifunktionales Foyer mit flexibler Mo\u0308blierung als Ausspeisungsfla\u0308che, Bibliothek, Atelier, Bewegungsraum, Werkraum, Schulwart, Schularzt, Ku\u0308che, Hort Bestand\n<a href=\"https:\/\/schrell.at\/de\/presse\/afo-fuehrung-170921\/\">Bilder von der afo-baubesprechung 62 vom 17.09.2021 \u00bb<\/a>\nKunst am Bau | Entwurf : Gerhard M\u00fcllner\nRender : J.Andraschko\n--><br \/>\n<\/div><\/div><\/div>\n","protected":false},"excerpt":{"rendered":"<p>DORFHALLE SCHULE | FRANCKSTRA\u00dfE LINZ zum Text \u2193Bauen im Denkmalschutz | Aufstockung |\u00a0Fertigstellung 2021 |\u00a0Portfolio |\u00a0Projektbericht [pdf] | M\u00f6blierung \u00bb<\/p>\n","protected":false},"author":1,"featured_media":4042,"comment_status":"closed","ping_status":"open","sticky":false,"template":"","format":"standard","meta":{"footnotes":""},"categories":[35,38,36,8,1,11],"tags":[],"yoast_head":"<!-- This site is optimized with the Yoast SEO plugin v21.8 - https:\/\/yoast.com\/wordpress\/plugins\/seo\/ -->\n<title>DORFHALLE SCHULE - Architektinnen Schremmer-Jell<\/title>\n<meta name=\"robots\" content=\"index, follow, max-snippet:-1, max-image-preview:large, max-video-preview:-1\" \/>\n<link rel=\"canonical\" href=\"https:\/\/schrell.at\/de\/dorfhalle-schule\/\" \/>\n<meta property=\"og:locale\" content=\"en_GB\" \/>\n<meta property=\"og:type\" content=\"article\" \/>\n<meta property=\"og:title\" content=\"DORFHALLE SCHULE - Architektinnen Schremmer-Jell\" \/>\n<meta property=\"og:description\" content=\"DORFHALLE SCHULE | FRANCKSTRA\u00dfE LINZ zum Text \u2193Bauen im Denkmalschutz | Aufstockung |\u00a0Fertigstellung 2021 |\u00a0Portfolio |\u00a0Projektbericht [pdf] | M\u00f6blierung \u00bb\" \/>\n<meta property=\"og:url\" content=\"https:\/\/schrell.at\/de\/dorfhalle-schule\/\" \/>\n<meta property=\"og:site_name\" content=\"Architektinnen Schremmer-Jell\" \/>\n<meta property=\"article:publisher\" content=\"https:\/\/www.facebook.com\/ArchitektinnenSchremmerJell\" \/>\n<meta property=\"article:published_time\" content=\"2022-03-02T18:00:00+00:00\" \/>\n<meta property=\"article:modified_time\" content=\"2024-11-13T12:19:14+00:00\" \/>\n<meta property=\"og:image\" content=\"https:\/\/schrell.at\/de\/wp-content\/uploads\/2023\/06\/048_dorfhalleschule-franckstrasse-2023_schremmer-jell_foto_kurt.hoerbst_2305312726-.png\" \/>\n\t<meta property=\"og:image:width\" content=\"768\" \/>\n\t<meta property=\"og:image:height\" content=\"760\" \/>\n\t<meta property=\"og:image:type\" content=\"image\/png\" \/>\n<meta name=\"author\" content=\"maspiv\" \/>\n<meta name=\"twitter:label1\" content=\"Written by\" \/>\n\t<meta name=\"twitter:data1\" content=\"maspiv\" \/>\n\t<meta name=\"twitter:label2\" content=\"Estimated reading time\" \/>\n\t<meta name=\"twitter:data2\" content=\"4 minutes\" \/>\n<script type=\"application\/ld+json\" class=\"yoast-schema-graph\">{\"@context\":\"https:\/\/schema.org\",\"@graph\":[{\"@type\":\"Article\",\"@id\":\"https:\/\/schrell.at\/de\/dorfhalle-schule\/#article\",\"isPartOf\":{\"@id\":\"https:\/\/schrell.at\/de\/dorfhalle-schule\/\"},\"author\":{\"name\":\"maspiv\",\"@id\":\"https:\/\/schrell.at\/de\/#\/schema\/person\/1729db881a3771e0fe783a69c884578b\"},\"headline\":\"DORFHALLE SCHULE\",\"datePublished\":\"2022-03-02T18:00:00+00:00\",\"dateModified\":\"2024-11-13T12:19:14+00:00\",\"mainEntityOfPage\":{\"@id\":\"https:\/\/schrell.at\/de\/dorfhalle-schule\/\"},\"wordCount\":90,\"publisher\":{\"@id\":\"https:\/\/schrell.at\/de\/#organization\"},\"articleSection\":[\"Bauen im Bestand\",\"Bildungsbau\",\"Denkmalschutz\",\"\u00d6ffentlich\",\"Projekte\",\"St\u00e4dtebau\"],\"inLanguage\":\"en-GB\"},{\"@type\":\"WebPage\",\"@id\":\"https:\/\/schrell.at\/de\/dorfhalle-schule\/\",\"url\":\"https:\/\/schrell.at\/de\/dorfhalle-schule\/\",\"name\":\"DORFHALLE SCHULE - Architektinnen Schremmer-Jell\",\"isPartOf\":{\"@id\":\"https:\/\/schrell.at\/de\/#website\"},\"datePublished\":\"2022-03-02T18:00:00+00:00\",\"dateModified\":\"2024-11-13T12:19:14+00:00\",\"breadcrumb\":{\"@id\":\"https:\/\/schrell.at\/de\/dorfhalle-schule\/#breadcrumb\"},\"inLanguage\":\"en-GB\",\"potentialAction\":[{\"@type\":\"ReadAction\",\"target\":[\"https:\/\/schrell.at\/de\/dorfhalle-schule\/\"]}]},{\"@type\":\"BreadcrumbList\",\"@id\":\"https:\/\/schrell.at\/de\/dorfhalle-schule\/#breadcrumb\",\"itemListElement\":[{\"@type\":\"ListItem\",\"position\":1,\"name\":\"Home\",\"item\":\"https:\/\/schrell.at\/de\/\"},{\"@type\":\"ListItem\",\"position\":2,\"name\":\"DORFHALLE SCHULE\"}]},{\"@type\":\"WebSite\",\"@id\":\"https:\/\/schrell.at\/de\/#website\",\"url\":\"https:\/\/schrell.at\/de\/\",\"name\":\"Architektinnen Schremmer-Jell\",\"description\":\"Architekturb\u00fcro Ottensheimerstra\u00dfe 58 LINZ\",\"publisher\":{\"@id\":\"https:\/\/schrell.at\/de\/#organization\"},\"potentialAction\":[{\"@type\":\"SearchAction\",\"target\":{\"@type\":\"EntryPoint\",\"urlTemplate\":\"https:\/\/schrell.at\/de\/?s={search_term_string}\"},\"query-input\":\"required name=search_term_string\"}],\"inLanguage\":\"en-GB\"},{\"@type\":\"Organization\",\"@id\":\"https:\/\/schrell.at\/de\/#organization\",\"name\":\"Architektinnen Schremmer-Jell\",\"url\":\"https:\/\/schrell.at\/de\/\",\"logo\":{\"@type\":\"ImageObject\",\"inLanguage\":\"en-GB\",\"@id\":\"https:\/\/schrell.at\/de\/#\/schema\/logo\/image\/\",\"url\":\"https:\/\/schrell.at\/de\/wp-content\/uploads\/2023\/10\/Sch_Logo_grun_hoch.jpg\",\"contentUrl\":\"https:\/\/schrell.at\/de\/wp-content\/uploads\/2023\/10\/Sch_Logo_grun_hoch.jpg\",\"width\":1296,\"height\":1747,\"caption\":\"Architektinnen Schremmer-Jell\"},\"image\":{\"@id\":\"https:\/\/schrell.at\/de\/#\/schema\/logo\/image\/\"},\"sameAs\":[\"https:\/\/www.facebook.com\/ArchitektinnenSchremmerJell\",\"https:\/\/www.instagram.com\/architektinnenschremmer\/\"]},{\"@type\":\"Person\",\"@id\":\"https:\/\/schrell.at\/de\/#\/schema\/person\/1729db881a3771e0fe783a69c884578b\",\"name\":\"maspiv\",\"image\":{\"@type\":\"ImageObject\",\"inLanguage\":\"en-GB\",\"@id\":\"https:\/\/schrell.at\/de\/#\/schema\/person\/image\/\",\"url\":\"https:\/\/secure.gravatar.com\/avatar\/daefedb500327e87a87ca92d88b5c218?s=96&d=retro&r=g\",\"contentUrl\":\"https:\/\/secure.gravatar.com\/avatar\/daefedb500327e87a87ca92d88b5c218?s=96&d=retro&r=g\",\"caption\":\"maspiv\"},\"url\":\"https:\/\/schrell.at\/de\/author\/maspiv\/\"}]}<\/script>\n<!-- \/ Yoast SEO plugin. -->","yoast_head_json":{"title":"DORFHALLE SCHULE - Architektinnen Schremmer-Jell","robots":{"index":"index","follow":"follow","max-snippet":"max-snippet:-1","max-image-preview":"max-image-preview:large","max-video-preview":"max-video-preview:-1"},"canonical":"https:\/\/schrell.at\/de\/dorfhalle-schule\/","og_locale":"en_GB","og_type":"article","og_title":"DORFHALLE SCHULE - Architektinnen Schremmer-Jell","og_description":"DORFHALLE SCHULE | FRANCKSTRA\u00dfE LINZ zum Text \u2193Bauen im Denkmalschutz | Aufstockung |\u00a0Fertigstellung 2021 |\u00a0Portfolio |\u00a0Projektbericht [pdf] | M\u00f6blierung \u00bb","og_url":"https:\/\/schrell.at\/de\/dorfhalle-schule\/","og_site_name":"Architektinnen Schremmer-Jell","article_publisher":"https:\/\/www.facebook.com\/ArchitektinnenSchremmerJell","article_published_time":"2022-03-02T18:00:00+00:00","article_modified_time":"2024-11-13T12:19:14+00:00","og_image":[{"url":"https:\/\/schrell.at\/de\/wp-content\/uploads\/2023\/06\/048_dorfhalleschule-franckstrasse-2023_schremmer-jell_foto_kurt.hoerbst_2305312726-.png","width":768,"height":760,"type":"image\/png"}],"author":"maspiv","twitter_misc":{"Written by":"maspiv","Estimated reading time":"4 minutes"},"schema":{"@context":"https:\/\/schema.org","@graph":[{"@type":"Article","@id":"https:\/\/schrell.at\/de\/dorfhalle-schule\/#article","isPartOf":{"@id":"https:\/\/schrell.at\/de\/dorfhalle-schule\/"},"author":{"name":"maspiv","@id":"https:\/\/schrell.at\/de\/#\/schema\/person\/1729db881a3771e0fe783a69c884578b"},"headline":"DORFHALLE SCHULE","datePublished":"2022-03-02T18:00:00+00:00","dateModified":"2024-11-13T12:19:14+00:00","mainEntityOfPage":{"@id":"https:\/\/schrell.at\/de\/dorfhalle-schule\/"},"wordCount":90,"publisher":{"@id":"https:\/\/schrell.at\/de\/#organization"},"articleSection":["Bauen im Bestand","Bildungsbau","Denkmalschutz","\u00d6ffentlich","Projekte","St\u00e4dtebau"],"inLanguage":"en-GB"},{"@type":"WebPage","@id":"https:\/\/schrell.at\/de\/dorfhalle-schule\/","url":"https:\/\/schrell.at\/de\/dorfhalle-schule\/","name":"DORFHALLE SCHULE - Architektinnen Schremmer-Jell","isPartOf":{"@id":"https:\/\/schrell.at\/de\/#website"},"datePublished":"2022-03-02T18:00:00+00:00","dateModified":"2024-11-13T12:19:14+00:00","breadcrumb":{"@id":"https:\/\/schrell.at\/de\/dorfhalle-schule\/#breadcrumb"},"inLanguage":"en-GB","potentialAction":[{"@type":"ReadAction","target":["https:\/\/schrell.at\/de\/dorfhalle-schule\/"]}]},{"@type":"BreadcrumbList","@id":"https:\/\/schrell.at\/de\/dorfhalle-schule\/#breadcrumb","itemListElement":[{"@type":"ListItem","position":1,"name":"Home","item":"https:\/\/schrell.at\/de\/"},{"@type":"ListItem","position":2,"name":"DORFHALLE SCHULE"}]},{"@type":"WebSite","@id":"https:\/\/schrell.at\/de\/#website","url":"https:\/\/schrell.at\/de\/","name":"Architektinnen Schremmer-Jell","description":"Architekturb\u00fcro Ottensheimerstra\u00dfe 58 LINZ","publisher":{"@id":"https:\/\/schrell.at\/de\/#organization"},"potentialAction":[{"@type":"SearchAction","target":{"@type":"EntryPoint","urlTemplate":"https:\/\/schrell.at\/de\/?s={search_term_string}"},"query-input":"required name=search_term_string"}],"inLanguage":"en-GB"},{"@type":"Organization","@id":"https:\/\/schrell.at\/de\/#organization","name":"Architektinnen Schremmer-Jell","url":"https:\/\/schrell.at\/de\/","logo":{"@type":"ImageObject","inLanguage":"en-GB","@id":"https:\/\/schrell.at\/de\/#\/schema\/logo\/image\/","url":"https:\/\/schrell.at\/de\/wp-content\/uploads\/2023\/10\/Sch_Logo_grun_hoch.jpg","contentUrl":"https:\/\/schrell.at\/de\/wp-content\/uploads\/2023\/10\/Sch_Logo_grun_hoch.jpg","width":1296,"height":1747,"caption":"Architektinnen Schremmer-Jell"},"image":{"@id":"https:\/\/schrell.at\/de\/#\/schema\/logo\/image\/"},"sameAs":["https:\/\/www.facebook.com\/ArchitektinnenSchremmerJell","https:\/\/www.instagram.com\/architektinnenschremmer\/"]},{"@type":"Person","@id":"https:\/\/schrell.at\/de\/#\/schema\/person\/1729db881a3771e0fe783a69c884578b","name":"maspiv","image":{"@type":"ImageObject","inLanguage":"en-GB","@id":"https:\/\/schrell.at\/de\/#\/schema\/person\/image\/","url":"https:\/\/secure.gravatar.com\/avatar\/daefedb500327e87a87ca92d88b5c218?s=96&d=retro&r=g","contentUrl":"https:\/\/secure.gravatar.com\/avatar\/daefedb500327e87a87ca92d88b5c218?s=96&d=retro&r=g","caption":"maspiv"},"url":"https:\/\/schrell.at\/de\/author\/maspiv\/"}]}},"_links":{"self":[{"href":"https:\/\/schrell.at\/de\/wp-json\/wp\/v2\/posts\/1501"}],"collection":[{"href":"https:\/\/schrell.at\/de\/wp-json\/wp\/v2\/posts"}],"about":[{"href":"https:\/\/schrell.at\/de\/wp-json\/wp\/v2\/types\/post"}],"author":[{"embeddable":true,"href":"https:\/\/schrell.at\/de\/wp-json\/wp\/v2\/users\/1"}],"replies":[{"embeddable":true,"href":"https:\/\/schrell.at\/de\/wp-json\/wp\/v2\/comments?post=1501"}],"version-history":[{"count":140,"href":"https:\/\/schrell.at\/de\/wp-json\/wp\/v2\/posts\/1501\/revisions"}],"predecessor-version":[{"id":4472,"href":"https:\/\/schrell.at\/de\/wp-json\/wp\/v2\/posts\/1501\/revisions\/4472"}],"wp:featuredmedia":[{"embeddable":true,"href":"https:\/\/schrell.at\/de\/wp-json\/wp\/v2\/media\/4042"}],"wp:attachment":[{"href":"https:\/\/schrell.at\/de\/wp-json\/wp\/v2\/media?parent=1501"}],"wp:term":[{"taxonomy":"category","embeddable":true,"href":"https:\/\/schrell.at\/de\/wp-json\/wp\/v2\/categories?post=1501"},{"taxonomy":"post_tag","embeddable":true,"href":"https:\/\/schrell.at\/de\/wp-json\/wp\/v2\/tags?post=1501"}],"curies":[{"name":"wp","href":"https:\/\/api.w.org\/{rel}","templated":true}]}}