{"id":2794,"date":"0010-01-01T00:00:59","date_gmt":"2009-12-31T22:00:59","guid":{"rendered":"https:\/\/schrell.at\/de\/?p=2794"},"modified":"2022-06-30T14:36:14","modified_gmt":"2022-06-30T12:36:14","slug":"mobiliar-dorfhalleschule-linz","status":"publish","type":"post","link":"https:\/\/schrell.at\/de\/mobiliar-dorfhalleschule-linz\/","title":{"rendered":"Volksschulmobiliar Dorfhalle | Linz"},"content":{"rendered":"<h3>Volksschulmobiliar Dorfhalle | Linz<\/h3>\n<h4>BAUEN IM DENKMALSCHUTZ | 2021 | <a href=\"https:\/\/schrell.at\/de\/wp-content\/uploads\/2021\/09\/Schremmer_TFL.pdf\" target=\"_blank\">Projektbeschreibung [pdf]<\/a> | <a href=\"\/de\/wp-content\/uploads\/2022\/05\/TFL_KURZ_Projektbericht_Schremmer.pdf\" target=\"_blank\">Projektbericht [pdf]<\/a> | <a href=\"https:\/\/schrell.at\/de\/dorfhalle-schule\/\">zum Projekt \u00bb<\/h4>\n<p>&nbsp;<br \/>\n<div class=\"cycloneslider cycloneslider-template-default cycloneslider-width-responsive\" id=\"cycloneslider-doha-interior-1\" style=\"max-width:890px\" > <div class=\"cycloneslider-slides cycle-slideshow\" data-cycle-allow-wrap=\"true\" data-cycle-dynamic-height=\"off\" data-cycle-auto-height=\"890:700\" data-cycle-auto-height-easing=\"null\" data-cycle-auto-height-speed=\"250\" data-cycle-delay=\"0\" data-cycle-easing=\"\" data-cycle-fx=\"fade\" data-cycle-hide-non-active=\"true\" data-cycle-log=\"false\" data-cycle-next=\"#cycloneslider-doha-interior-1 .cycloneslider-next\" data-cycle-pager=\"#cycloneslider-doha-interior-1 .cycloneslider-pager\" data-cycle-pause-on-hover=\"true\" data-cycle-prev=\"#cycloneslider-doha-interior-1 .cycloneslider-prev\" data-cycle-slides=\"&gt; div\" data-cycle-speed=\"1000\" data-cycle-swipe=\"false\" data-cycle-tile-count=\"7\" data-cycle-tile-delay=\"100\" data-cycle-tile-vertical=\"true\" data-cycle-timeout=\"4000\" > <div class=\"cycloneslider-slide cycloneslider-slide-image\" > <img decoding=\"async\" src=\"https:\/\/schrell.at\/de\/wp-content\/uploads\/2022\/06\/DOHA_02-890x700.jpg\" alt=\"\" title=\"\" \/> <\/div> <div class=\"cycloneslider-slide cycloneslider-slide-image\" > <img decoding=\"async\" src=\"https:\/\/schrell.at\/de\/wp-content\/uploads\/2022\/01\/Schrell-Hort-Frank_byDanielaKoeppl-Web-211119161039-890x700.jpg\" alt=\"\" title=\"\" \/> <\/div> <div class=\"cycloneslider-slide cycloneslider-slide-image\" > <img decoding=\"async\" src=\"https:\/\/schrell.at\/de\/wp-content\/uploads\/2022\/01\/Schrell-Hort-Frank_byDanielaKoeppl-Web-211119160847-890x700.jpg\" alt=\"\" title=\"\" \/> <\/div> <div class=\"cycloneslider-slide cycloneslider-slide-image\" > <img decoding=\"async\" src=\"https:\/\/schrell.at\/de\/wp-content\/uploads\/2022\/02\/Schrell-Hort-Frank_byDanielaKoeppl-Web-211119161914-890x700.jpg\" alt=\"\" title=\"\" \/> <\/div> <div class=\"cycloneslider-slide cycloneslider-slide-image\" > <img decoding=\"async\" src=\"https:\/\/schrell.at\/de\/wp-content\/uploads\/2022\/06\/Schrell-Hort-Frank_byDanielaKoeppl-HR-211119165140-890x700.jpg\" alt=\"\" title=\"\" \/> <\/div> <div class=\"cycloneslider-slide cycloneslider-slide-image\" > <img decoding=\"async\" src=\"https:\/\/schrell.at\/de\/wp-content\/uploads\/2021\/08\/PXL_20210824_094229461-e1629810217710-890x700.jpg\" alt=\"\" title=\"\" \/> <\/div> <div class=\"cycloneslider-slide cycloneslider-slide-image\" > <img decoding=\"async\" src=\"https:\/\/schrell.at\/de\/wp-content\/uploads\/2022\/01\/Schrell-Hort-Frank_byDanielaKoeppl-Web-211119160223-890x700.jpg\" alt=\"\" title=\"\" \/> <\/div> <div class=\"cycloneslider-slide cycloneslider-slide-image\" > <img decoding=\"async\" src=\"https:\/\/schrell.at\/de\/wp-content\/uploads\/2022\/02\/Schrell-Hort-Frank_byDanielaKoeppl-Web-211119161327-890x700.jpg\" alt=\"\" title=\"\" \/> <\/div> <div class=\"cycloneslider-slide cycloneslider-slide-image\" > <img decoding=\"async\" src=\"https:\/\/schrell.at\/de\/wp-content\/uploads\/2022\/06\/IMG_0372-e1655205232487-890x700.jpeg\" alt=\"\" title=\"\" \/> <\/div> <div class=\"cycloneslider-slide cycloneslider-slide-image\" > <img decoding=\"async\" src=\"https:\/\/schrell.at\/de\/wp-content\/uploads\/2022\/02\/Schrell-Hort-Frank_byDanielaKoeppl-HR-2-890x700.jpg\" alt=\"\" title=\"\" \/> <\/div> <div class=\"cycloneslider-slide cycloneslider-slide-image\" > <img decoding=\"async\" src=\"https:\/\/schrell.at\/de\/wp-content\/uploads\/2021\/09\/IMG_0317-890x700.jpeg\" alt=\"\" title=\"\" \/> <\/div> <div class=\"cycloneslider-slide cycloneslider-slide-image\" > <img decoding=\"async\" src=\"https:\/\/schrell.at\/de\/wp-content\/uploads\/2022\/01\/Schrell-Hort-Frank_byDanielaKoeppl-Web-211119160400-890x700.jpg\" alt=\"\" title=\"\" \/> <\/div> <div class=\"cycloneslider-slide cycloneslider-slide-image\" > <img decoding=\"async\" src=\"https:\/\/schrell.at\/de\/wp-content\/uploads\/2022\/02\/Schrell-Hort-Frank_byDanielaKoeppl-Web-211119164010-890x700.jpg\" alt=\"\" title=\"\" \/> <\/div> <div class=\"cycloneslider-slide cycloneslider-slide-image\" > <img decoding=\"async\" src=\"https:\/\/schrell.at\/de\/wp-content\/uploads\/2022\/02\/Schrell-Hort-Frank_byDanielaKoeppl-Web-211119164908-890x700.jpg\" alt=\"\" title=\"\" \/> <\/div> <div class=\"cycloneslider-slide cycloneslider-slide-image\" > <img decoding=\"async\" src=\"\" alt=\"\" title=\"\" \/> <\/div> <\/div> <div class=\"cycloneslider-pager\"><\/div> <a href=\"#\" class=\"cycloneslider-prev\"><\/a> <a href=\"#\" class=\"cycloneslider-next\"><\/a> <\/div><\/p>\n<h4 style=\"text-align:right\"><a href=\"https:\/\/schrell.at\/de\/dorfhalle-schule\/\">zum Projekt Dorfhalleschule Franckviertel \u00bb<\/a><\/h4>\n<p>F\u00fcr den Ganztages- und Hortbereich mit fixer und mobiler Einrichtung.<br \/>\nK\u00fcchen, Sitzfenster, Stau- und Materialaufbewahrung, Sanit\u00e4rbereiche.<br \/>\nFarbkonzept und Farbgebung \u00fcbernommen und weiterentwickelt vom Bestandselementen im Denkmalschutz.<\/p>\n","protected":false},"excerpt":{"rendered":"<p>Volksschulmobiliar Dorfhalle | Linz BAUEN IM DENKMALSCHUTZ | 2021 | Projektbeschreibung [pdf] | Projektbericht [pdf] | zum Projekt \u00bb &nbsp; zum Projekt Dorfhalleschule Franckviertel \u00bb F\u00fcr den Ganztages- und Hortbereich mit fixer und mobiler Einrichtung. K\u00fcchen, Sitzfenster, Stau- und Materialaufbewahrung, Sanit\u00e4rbereiche. Farbkonzept und Farbgebung \u00fcbernommen und weiterentwickelt vom Bestandselementen im Denkmalschutz.<\/p>\n","protected":false},"author":3,"featured_media":2738,"comment_status":"closed","ping_status":"open","sticky":false,"template":"","format":"standard","meta":{"footnotes":""},"categories":[12],"tags":[45,46,42,40,41,44,43,39],"yoast_head":"<!-- This site is optimized with the Yoast SEO plugin v21.8 - https:\/\/yoast.com\/wordpress\/plugins\/seo\/ -->\n<title>Volksschulmobiliar Dorfhalle | Linz - Architektinnen Schremmer-Jell<\/title>\n<meta name=\"description\" content=\"Teek\u00fcche Sitzfenster Stau- und Materialaufbewahrung Sanit\u00e4rbereiche\" \/>\n<meta name=\"robots\" content=\"index, follow, max-snippet:-1, max-image-preview:large, max-video-preview:-1\" \/>\n<link rel=\"canonical\" href=\"https:\/\/schrell.at\/de\/mobiliar-dorfhalleschule-linz\/\" \/>\n<meta property=\"og:locale\" content=\"en_GB\" \/>\n<meta property=\"og:type\" content=\"article\" \/>\n<meta property=\"og:title\" content=\"Volksschulmobiliar Dorfhalle | Linz - Architektinnen Schremmer-Jell\" \/>\n<meta property=\"og:description\" content=\"Teek\u00fcche Sitzfenster Stau- und Materialaufbewahrung Sanit\u00e4rbereiche\" \/>\n<meta property=\"og:url\" content=\"https:\/\/schrell.at\/de\/mobiliar-dorfhalleschule-linz\/\" \/>\n<meta property=\"og:site_name\" content=\"Architektinnen Schremmer-Jell\" \/>\n<meta property=\"article:publisher\" content=\"https:\/\/www.facebook.com\/ArchitektinnenSchremmerJell\" \/>\n<meta property=\"article:published_time\" content=\"2009-12-31T22:00:59+00:00\" \/>\n<meta property=\"article:modified_time\" content=\"2022-06-30T12:36:14+00:00\" \/>\n<meta property=\"og:image\" content=\"https:\/\/schrell.at\/de\/wp-content\/uploads\/2021\/08\/Schrell-Hort-Frank_byDanielaKoeppl-HR-211119160452-e1655205856270.jpg\" \/>\n\t<meta property=\"og:image:width\" content=\"1066\" \/>\n\t<meta property=\"og:image:height\" content=\"1052\" \/>\n\t<meta property=\"og:image:type\" content=\"image\/jpeg\" \/>\n<meta name=\"author\" content=\"schremmer jell zt gmbh\" \/>\n<meta name=\"twitter:label1\" content=\"Written by\" \/>\n\t<meta name=\"twitter:data1\" content=\"schremmer jell zt gmbh\" \/>\n<script type=\"application\/ld+json\" class=\"yoast-schema-graph\">{\"@context\":\"https:\/\/schema.org\",\"@graph\":[{\"@type\":\"Article\",\"@id\":\"https:\/\/schrell.at\/de\/mobiliar-dorfhalleschule-linz\/#article\",\"isPartOf\":{\"@id\":\"https:\/\/schrell.at\/de\/mobiliar-dorfhalleschule-linz\/\"},\"author\":{\"name\":\"schremmer jell zt gmbh\",\"@id\":\"https:\/\/schrell.at\/de\/#\/schema\/person\/b8c0415d0770e77bf7f24dd22f2e92cf\"},\"headline\":\"Volksschulmobiliar Dorfhalle | Linz\",\"datePublished\":\"2009-12-31T22:00:59+00:00\",\"dateModified\":\"2022-06-30T12:36:14+00:00\",\"mainEntityOfPage\":{\"@id\":\"https:\/\/schrell.at\/de\/mobiliar-dorfhalleschule-linz\/\"},\"wordCount\":52,\"publisher\":{\"@id\":\"https:\/\/schrell.at\/de\/#organization\"},\"keywords\":[\"Materialaufbewahrung\",\"Sanit\u00e4rbereich\",\"Sanit\u00e4rbereiche\",\"Sitzfenster\",\"Stau- und Materialaufbewahrung\",\"Stauraum\",\"Teek\u00fcche\",\"Tee\u00fcchen\"],\"articleSection\":[\"Interior\"],\"inLanguage\":\"en-GB\"},{\"@type\":\"WebPage\",\"@id\":\"https:\/\/schrell.at\/de\/mobiliar-dorfhalleschule-linz\/\",\"url\":\"https:\/\/schrell.at\/de\/mobiliar-dorfhalleschule-linz\/\",\"name\":\"Volksschulmobiliar Dorfhalle | Linz - Architektinnen Schremmer-Jell\",\"isPartOf\":{\"@id\":\"https:\/\/schrell.at\/de\/#website\"},\"datePublished\":\"2009-12-31T22:00:59+00:00\",\"dateModified\":\"2022-06-30T12:36:14+00:00\",\"description\":\"Teek\u00fcche Sitzfenster Stau- und Materialaufbewahrung Sanit\u00e4rbereiche\",\"breadcrumb\":{\"@id\":\"https:\/\/schrell.at\/de\/mobiliar-dorfhalleschule-linz\/#breadcrumb\"},\"inLanguage\":\"en-GB\",\"potentialAction\":[{\"@type\":\"ReadAction\",\"target\":[\"https:\/\/schrell.at\/de\/mobiliar-dorfhalleschule-linz\/\"]}]},{\"@type\":\"BreadcrumbList\",\"@id\":\"https:\/\/schrell.at\/de\/mobiliar-dorfhalleschule-linz\/#breadcrumb\",\"itemListElement\":[{\"@type\":\"ListItem\",\"position\":1,\"name\":\"Home\",\"item\":\"https:\/\/schrell.at\/de\/\"},{\"@type\":\"ListItem\",\"position\":2,\"name\":\"Volksschulmobiliar Dorfhalle | Linz\"}]},{\"@type\":\"WebSite\",\"@id\":\"https:\/\/schrell.at\/de\/#website\",\"url\":\"https:\/\/schrell.at\/de\/\",\"name\":\"Architektinnen Schremmer-Jell\",\"description\":\"Architekturb\u00fcro Ottensheimerstra\u00dfe 58 LINZ\",\"publisher\":{\"@id\":\"https:\/\/schrell.at\/de\/#organization\"},\"potentialAction\":[{\"@type\":\"SearchAction\",\"target\":{\"@type\":\"EntryPoint\",\"urlTemplate\":\"https:\/\/schrell.at\/de\/?s={search_term_string}\"},\"query-input\":\"required name=search_term_string\"}],\"inLanguage\":\"en-GB\"},{\"@type\":\"Organization\",\"@id\":\"https:\/\/schrell.at\/de\/#organization\",\"name\":\"Architektinnen Schremmer-Jell\",\"url\":\"https:\/\/schrell.at\/de\/\",\"logo\":{\"@type\":\"ImageObject\",\"inLanguage\":\"en-GB\",\"@id\":\"https:\/\/schrell.at\/de\/#\/schema\/logo\/image\/\",\"url\":\"https:\/\/schrell.at\/de\/wp-content\/uploads\/2023\/10\/Sch_Logo_grun_hoch.jpg\",\"contentUrl\":\"https:\/\/schrell.at\/de\/wp-content\/uploads\/2023\/10\/Sch_Logo_grun_hoch.jpg\",\"width\":1296,\"height\":1747,\"caption\":\"Architektinnen Schremmer-Jell\"},\"image\":{\"@id\":\"https:\/\/schrell.at\/de\/#\/schema\/logo\/image\/\"},\"sameAs\":[\"https:\/\/www.facebook.com\/ArchitektinnenSchremmerJell\",\"https:\/\/www.instagram.com\/architektinnenschremmer\/\"]},{\"@type\":\"Person\",\"@id\":\"https:\/\/schrell.at\/de\/#\/schema\/person\/b8c0415d0770e77bf7f24dd22f2e92cf\",\"name\":\"schremmer jell zt gmbh\",\"image\":{\"@type\":\"ImageObject\",\"inLanguage\":\"en-GB\",\"@id\":\"https:\/\/schrell.at\/de\/#\/schema\/person\/image\/\",\"url\":\"https:\/\/secure.gravatar.com\/avatar\/c23030b7447fc0497647c0081ce0c77a?s=96&d=retro&r=g\",\"contentUrl\":\"https:\/\/secure.gravatar.com\/avatar\/c23030b7447fc0497647c0081ce0c77a?s=96&d=retro&r=g\",\"caption\":\"schremmer jell zt gmbh\"},\"sameAs\":[\"https:\/\/schrell.at\/de\"],\"url\":\"https:\/\/schrell.at\/de\/author\/julius\/\"}]}<\/script>\n<!-- \/ Yoast SEO plugin. -->","yoast_head_json":{"title":"Volksschulmobiliar Dorfhalle | Linz - Architektinnen Schremmer-Jell","description":"Teek\u00fcche Sitzfenster Stau- und Materialaufbewahrung Sanit\u00e4rbereiche","robots":{"index":"index","follow":"follow","max-snippet":"max-snippet:-1","max-image-preview":"max-image-preview:large","max-video-preview":"max-video-preview:-1"},"canonical":"https:\/\/schrell.at\/de\/mobiliar-dorfhalleschule-linz\/","og_locale":"en_GB","og_type":"article","og_title":"Volksschulmobiliar Dorfhalle | Linz - Architektinnen Schremmer-Jell","og_description":"Teek\u00fcche Sitzfenster Stau- und Materialaufbewahrung Sanit\u00e4rbereiche","og_url":"https:\/\/schrell.at\/de\/mobiliar-dorfhalleschule-linz\/","og_site_name":"Architektinnen Schremmer-Jell","article_publisher":"https:\/\/www.facebook.com\/ArchitektinnenSchremmerJell","article_published_time":"2009-12-31T22:00:59+00:00","article_modified_time":"2022-06-30T12:36:14+00:00","og_image":[{"width":1066,"height":1052,"url":"https:\/\/schrell.at\/de\/wp-content\/uploads\/2021\/08\/Schrell-Hort-Frank_byDanielaKoeppl-HR-211119160452-e1655205856270.jpg","type":"image\/jpeg"}],"author":"schremmer jell zt gmbh","twitter_misc":{"Written by":"schremmer jell zt gmbh"},"schema":{"@context":"https:\/\/schema.org","@graph":[{"@type":"Article","@id":"https:\/\/schrell.at\/de\/mobiliar-dorfhalleschule-linz\/#article","isPartOf":{"@id":"https:\/\/schrell.at\/de\/mobiliar-dorfhalleschule-linz\/"},"author":{"name":"schremmer jell zt gmbh","@id":"https:\/\/schrell.at\/de\/#\/schema\/person\/b8c0415d0770e77bf7f24dd22f2e92cf"},"headline":"Volksschulmobiliar Dorfhalle | Linz","datePublished":"2009-12-31T22:00:59+00:00","dateModified":"2022-06-30T12:36:14+00:00","mainEntityOfPage":{"@id":"https:\/\/schrell.at\/de\/mobiliar-dorfhalleschule-linz\/"},"wordCount":52,"publisher":{"@id":"https:\/\/schrell.at\/de\/#organization"},"keywords":["Materialaufbewahrung","Sanit\u00e4rbereich","Sanit\u00e4rbereiche","Sitzfenster","Stau- und Materialaufbewahrung","Stauraum","Teek\u00fcche","Tee\u00fcchen"],"articleSection":["Interior"],"inLanguage":"en-GB"},{"@type":"WebPage","@id":"https:\/\/schrell.at\/de\/mobiliar-dorfhalleschule-linz\/","url":"https:\/\/schrell.at\/de\/mobiliar-dorfhalleschule-linz\/","name":"Volksschulmobiliar Dorfhalle | Linz - Architektinnen Schremmer-Jell","isPartOf":{"@id":"https:\/\/schrell.at\/de\/#website"},"datePublished":"2009-12-31T22:00:59+00:00","dateModified":"2022-06-30T12:36:14+00:00","description":"Teek\u00fcche Sitzfenster Stau- und Materialaufbewahrung Sanit\u00e4rbereiche","breadcrumb":{"@id":"https:\/\/schrell.at\/de\/mobiliar-dorfhalleschule-linz\/#breadcrumb"},"inLanguage":"en-GB","potentialAction":[{"@type":"ReadAction","target":["https:\/\/schrell.at\/de\/mobiliar-dorfhalleschule-linz\/"]}]},{"@type":"BreadcrumbList","@id":"https:\/\/schrell.at\/de\/mobiliar-dorfhalleschule-linz\/#breadcrumb","itemListElement":[{"@type":"ListItem","position":1,"name":"Home","item":"https:\/\/schrell.at\/de\/"},{"@type":"ListItem","position":2,"name":"Volksschulmobiliar Dorfhalle | Linz"}]},{"@type":"WebSite","@id":"https:\/\/schrell.at\/de\/#website","url":"https:\/\/schrell.at\/de\/","name":"Architektinnen Schremmer-Jell","description":"Architekturb\u00fcro Ottensheimerstra\u00dfe 58 LINZ","publisher":{"@id":"https:\/\/schrell.at\/de\/#organization"},"potentialAction":[{"@type":"SearchAction","target":{"@type":"EntryPoint","urlTemplate":"https:\/\/schrell.at\/de\/?s={search_term_string}"},"query-input":"required name=search_term_string"}],"inLanguage":"en-GB"},{"@type":"Organization","@id":"https:\/\/schrell.at\/de\/#organization","name":"Architektinnen Schremmer-Jell","url":"https:\/\/schrell.at\/de\/","logo":{"@type":"ImageObject","inLanguage":"en-GB","@id":"https:\/\/schrell.at\/de\/#\/schema\/logo\/image\/","url":"https:\/\/schrell.at\/de\/wp-content\/uploads\/2023\/10\/Sch_Logo_grun_hoch.jpg","contentUrl":"https:\/\/schrell.at\/de\/wp-content\/uploads\/2023\/10\/Sch_Logo_grun_hoch.jpg","width":1296,"height":1747,"caption":"Architektinnen Schremmer-Jell"},"image":{"@id":"https:\/\/schrell.at\/de\/#\/schema\/logo\/image\/"},"sameAs":["https:\/\/www.facebook.com\/ArchitektinnenSchremmerJell","https:\/\/www.instagram.com\/architektinnenschremmer\/"]},{"@type":"Person","@id":"https:\/\/schrell.at\/de\/#\/schema\/person\/b8c0415d0770e77bf7f24dd22f2e92cf","name":"schremmer jell zt gmbh","image":{"@type":"ImageObject","inLanguage":"en-GB","@id":"https:\/\/schrell.at\/de\/#\/schema\/person\/image\/","url":"https:\/\/secure.gravatar.com\/avatar\/c23030b7447fc0497647c0081ce0c77a?s=96&d=retro&r=g","contentUrl":"https:\/\/secure.gravatar.com\/avatar\/c23030b7447fc0497647c0081ce0c77a?s=96&d=retro&r=g","caption":"schremmer jell zt gmbh"},"sameAs":["https:\/\/schrell.at\/de"],"url":"https:\/\/schrell.at\/de\/author\/julius\/"}]}},"_links":{"self":[{"href":"https:\/\/schrell.at\/de\/wp-json\/wp\/v2\/posts\/2794"}],"collection":[{"href":"https:\/\/schrell.at\/de\/wp-json\/wp\/v2\/posts"}],"about":[{"href":"https:\/\/schrell.at\/de\/wp-json\/wp\/v2\/types\/post"}],"author":[{"embeddable":true,"href":"https:\/\/schrell.at\/de\/wp-json\/wp\/v2\/users\/3"}],"replies":[{"embeddable":true,"href":"https:\/\/schrell.at\/de\/wp-json\/wp\/v2\/comments?post=2794"}],"version-history":[{"count":7,"href":"https:\/\/schrell.at\/de\/wp-json\/wp\/v2\/posts\/2794\/revisions"}],"predecessor-version":[{"id":2824,"href":"https:\/\/schrell.at\/de\/wp-json\/wp\/v2\/posts\/2794\/revisions\/2824"}],"wp:featuredmedia":[{"embeddable":true,"href":"https:\/\/schrell.at\/de\/wp-json\/wp\/v2\/media\/2738"}],"wp:attachment":[{"href":"https:\/\/schrell.at\/de\/wp-json\/wp\/v2\/media?parent=2794"}],"wp:term":[{"taxonomy":"category","embeddable":true,"href":"https:\/\/schrell.at\/de\/wp-json\/wp\/v2\/categories?post=2794"},{"taxonomy":"post_tag","embeddable":true,"href":"https:\/\/schrell.at\/de\/wp-json\/wp\/v2\/tags?post=2794"}],"curies":[{"name":"wp","href":"https:\/\/api.w.org\/{rel}","templated":true}]}}