{"id":2826,"date":"0100-01-01T00:00:21","date_gmt":"1999-12-31T22:00:21","guid":{"rendered":"https:\/\/schrell.at\/de\/?p=2826"},"modified":"2022-07-01T09:45:02","modified_gmt":"2022-07-01T07:45:02","slug":"kib-hartmayrgut-einrichtung","status":"publish","type":"post","link":"https:\/\/schrell.at\/de\/kib-hartmayrgut-einrichtung\/","title":{"rendered":"Am Hartmayrgut | Einrichtung"},"content":{"rendered":"<h3>Kinderbetreuung Einrichtung | Am Hartmayrgut<\/h3>\n<h4>EU-weit offener Wettbewerb 1.Preis | 2021 | <a href=\"https:\/\/schrell.at\/de\/wp-content\/uploads\/2021\/08\/HART_KIB01_2021.pdf\" target=\"_blank\">Projektbeschreibung<\/a> | <a href=\"\/de\/wp-content\/uploads\/2022\/05\/KIB_KURZ_Projektbericht_Schremmer.pdf\" target=\"_blank\">Projektbericht<\/a> | <a href=\"https:\/\/schrell.at\/de\/kindergarten-linz\/\">zum Projekt \u00bb<\/h4>\n<p>&nbsp;<br \/>\n<div class=\"cycloneslider cycloneslider-template-default cycloneslider-width-responsive\" id=\"cycloneslider-kib-mobiliar-1\" style=\"max-width:960px\" > <div class=\"cycloneslider-slides cycle-slideshow\" data-cycle-allow-wrap=\"true\" data-cycle-dynamic-height=\"off\" data-cycle-auto-height=\"960:650\" data-cycle-auto-height-easing=\"null\" data-cycle-auto-height-speed=\"250\" data-cycle-delay=\"0\" data-cycle-easing=\"\" data-cycle-fx=\"fade\" data-cycle-hide-non-active=\"true\" data-cycle-log=\"false\" data-cycle-next=\"#cycloneslider-kib-mobiliar-1 .cycloneslider-next\" data-cycle-pager=\"#cycloneslider-kib-mobiliar-1 .cycloneslider-pager\" data-cycle-pause-on-hover=\"true\" data-cycle-prev=\"#cycloneslider-kib-mobiliar-1 .cycloneslider-prev\" data-cycle-slides=\"&gt; div\" data-cycle-speed=\"1000\" data-cycle-swipe=\"false\" data-cycle-tile-count=\"7\" data-cycle-tile-delay=\"100\" data-cycle-tile-vertical=\"true\" data-cycle-timeout=\"3000\" > <div class=\"cycloneslider-slide cycloneslider-slide-image\" > <img decoding=\"async\" src=\"https:\/\/schrell.at\/de\/wp-content\/uploads\/2021\/09\/KG-Hartmayrgut-byDanielaKoeppl-Web-210703094520-960x650.jpg\" alt=\"\" title=\"\" \/> <\/div> <div class=\"cycloneslider-slide cycloneslider-slide-image\" > <img decoding=\"async\" src=\"https:\/\/schrell.at\/de\/wp-content\/uploads\/2021\/09\/KG-Hartmayrgut-byDanielaKoeppl-Web-210703093741-960x650.jpg\" alt=\"\" title=\"\" \/> <\/div> <div class=\"cycloneslider-slide cycloneslider-slide-image\" > <img decoding=\"async\" src=\"https:\/\/schrell.at\/de\/wp-content\/uploads\/2021\/08\/9-960x650.jpg\" alt=\"\" title=\"\" \/> <\/div> <div class=\"cycloneslider-slide cycloneslider-slide-image\" > <img decoding=\"async\" src=\"https:\/\/schrell.at\/de\/wp-content\/uploads\/2021\/08\/1-960x650.jpg\" alt=\"\" title=\"\" \/> <\/div> <div class=\"cycloneslider-slide cycloneslider-slide-image\" > <img decoding=\"async\" src=\"https:\/\/schrell.at\/de\/wp-content\/uploads\/2021\/08\/2-960x650.jpg\" alt=\"\" title=\"\" \/> <\/div> <div class=\"cycloneslider-slide cycloneslider-slide-image\" > <img decoding=\"async\" src=\"https:\/\/schrell.at\/de\/wp-content\/uploads\/2021\/08\/3-960x650.jpg\" alt=\"\" title=\"\" \/> <\/div> <div class=\"cycloneslider-slide cycloneslider-slide-image\" > <img decoding=\"async\" src=\"https:\/\/schrell.at\/de\/wp-content\/uploads\/2021\/08\/25-960x650.jpg\" alt=\"\" title=\"\" \/> <\/div> <div class=\"cycloneslider-slide cycloneslider-slide-image\" > <img decoding=\"async\" src=\"https:\/\/schrell.at\/de\/wp-content\/uploads\/2021\/08\/17-960x650.jpg\" alt=\"\" title=\"\" \/> <\/div> <div class=\"cycloneslider-slide cycloneslider-slide-image\" > <img decoding=\"async\" src=\"https:\/\/schrell.at\/de\/wp-content\/uploads\/2021\/08\/18-960x650.jpg\" alt=\"\" title=\"\" \/> <\/div> <div class=\"cycloneslider-slide cycloneslider-slide-image\" > <img decoding=\"async\" src=\"https:\/\/schrell.at\/de\/wp-content\/uploads\/2022\/07\/KG-Hartmayrgut-byDanielaKoeppl-Web-210703094721-960x650.jpg\" alt=\"\" title=\"\" \/> <\/div> <div class=\"cycloneslider-slide cycloneslider-slide-image\" > <img decoding=\"async\" src=\"https:\/\/schrell.at\/de\/wp-content\/uploads\/2022\/07\/KG-Hartmayrgut-byDanielaKoeppl-Web-210704150743-960x650.jpg\" alt=\"\" title=\"\" \/> <\/div> <div class=\"cycloneslider-slide cycloneslider-slide-image\" > <img decoding=\"async\" src=\"https:\/\/schrell.at\/de\/wp-content\/uploads\/2022\/07\/KG-Hartmayrgut-byDanielaKoeppl-Web-210704152850-960x650.jpg\" alt=\"\" title=\"\" \/> <\/div> <div class=\"cycloneslider-slide cycloneslider-slide-image\" > <img decoding=\"async\" src=\"\" alt=\"\" title=\"\" \/> <\/div> <div class=\"cycloneslider-slide cycloneslider-slide-image\" > <img decoding=\"async\" src=\"https:\/\/schrell.at\/de\/wp-content\/uploads\/2022\/07\/KG-Hartmayrgut-byDanielaKoeppl-Web-210703093741-960x650.jpg\" alt=\"\" title=\"\" \/> <\/div> <\/div> <div class=\"cycloneslider-pager\"><\/div> <a href=\"#\" class=\"cycloneslider-prev\"><\/a> <a href=\"#\" class=\"cycloneslider-next\"><\/a> <\/div><\/p>\n<h4 style=\"text-align:right\"><a href=\"https:\/\/schrell.at\/de\/kindergarten-linz\/\">zum Projekt Kinderbetreuung am Hartmayrgut \u00bb<\/a><\/h4>\n<p>Planung und Baubegleitung f\u00fcr mobile und fixe M\u00f6blierung f\u00fcr Teek\u00fcche, Sitzfenster, Stau- und Materialaufbewahrung, Sanit\u00e4rbereiche. <\/p>\n","protected":false},"excerpt":{"rendered":"<p>Kinderbetreuung Einrichtung | Am Hartmayrgut EU-weit offener Wettbewerb 1.Preis | 2021 | Projektbeschreibung | Projektbericht | zum Projekt \u00bb &nbsp; zum Projekt Kinderbetreuung am Hartmayrgut \u00bb Planung und Baubegleitung f\u00fcr mobile und fixe M\u00f6blierung f\u00fcr Teek\u00fcche, Sitzfenster, Stau- und Materialaufbewahrung, Sanit\u00e4rbereiche.<\/p>\n","protected":false},"author":1,"featured_media":2837,"comment_status":"closed","ping_status":"open","sticky":false,"template":"","format":"standard","meta":{"footnotes":""},"categories":[12],"tags":[],"yoast_head":"<!-- This site is optimized with the Yoast SEO plugin v21.8 - https:\/\/yoast.com\/wordpress\/plugins\/seo\/ -->\n<title>Am Hartmayrgut | Einrichtung - Architektinnen Schremmer-Jell<\/title>\n<meta name=\"robots\" content=\"index, follow, max-snippet:-1, max-image-preview:large, max-video-preview:-1\" \/>\n<link rel=\"canonical\" href=\"https:\/\/schrell.at\/de\/kib-hartmayrgut-einrichtung\/\" \/>\n<meta property=\"og:locale\" content=\"en_GB\" \/>\n<meta property=\"og:type\" content=\"article\" \/>\n<meta property=\"og:title\" content=\"Am Hartmayrgut | Einrichtung - Architektinnen Schremmer-Jell\" \/>\n<meta property=\"og:description\" content=\"Kinderbetreuung Einrichtung | Am Hartmayrgut EU-weit offener Wettbewerb 1.Preis | 2021 | Projektbeschreibung | Projektbericht | zum Projekt \u00bb &nbsp; zum Projekt Kinderbetreuung am Hartmayrgut \u00bb Planung und Baubegleitung f\u00fcr mobile und fixe M\u00f6blierung f\u00fcr Teek\u00fcche, Sitzfenster, Stau- und Materialaufbewahrung, Sanit\u00e4rbereiche.\" \/>\n<meta property=\"og:url\" content=\"https:\/\/schrell.at\/de\/kib-hartmayrgut-einrichtung\/\" \/>\n<meta property=\"og:site_name\" content=\"Architektinnen Schremmer-Jell\" \/>\n<meta property=\"article:publisher\" content=\"https:\/\/www.facebook.com\/ArchitektinnenSchremmerJell\" \/>\n<meta property=\"article:published_time\" content=\"1999-12-31T22:00:21+00:00\" \/>\n<meta property=\"article:modified_time\" content=\"2022-07-01T07:45:02+00:00\" \/>\n<meta property=\"og:image\" content=\"https:\/\/schrell.at\/de\/wp-content\/uploads\/2022\/07\/KG-Hartmayrgut-byDanielaKoeppl-Web-210703094721.jpg\" \/>\n\t<meta property=\"og:image:width\" content=\"800\" \/>\n\t<meta property=\"og:image:height\" content=\"1200\" \/>\n\t<meta property=\"og:image:type\" content=\"image\/jpeg\" \/>\n<meta name=\"author\" content=\"maspiv\" \/>\n<meta name=\"twitter:label1\" content=\"Written by\" \/>\n\t<meta name=\"twitter:data1\" content=\"maspiv\" \/>\n<script type=\"application\/ld+json\" class=\"yoast-schema-graph\">{\"@context\":\"https:\/\/schema.org\",\"@graph\":[{\"@type\":\"Article\",\"@id\":\"https:\/\/schrell.at\/de\/kib-hartmayrgut-einrichtung\/#article\",\"isPartOf\":{\"@id\":\"https:\/\/schrell.at\/de\/kib-hartmayrgut-einrichtung\/\"},\"author\":{\"name\":\"maspiv\",\"@id\":\"https:\/\/schrell.at\/de\/#\/schema\/person\/1729db881a3771e0fe783a69c884578b\"},\"headline\":\"Am Hartmayrgut | Einrichtung\",\"datePublished\":\"1999-12-31T22:00:21+00:00\",\"dateModified\":\"2022-07-01T07:45:02+00:00\",\"mainEntityOfPage\":{\"@id\":\"https:\/\/schrell.at\/de\/kib-hartmayrgut-einrichtung\/\"},\"wordCount\":44,\"publisher\":{\"@id\":\"https:\/\/schrell.at\/de\/#organization\"},\"articleSection\":[\"Interior\"],\"inLanguage\":\"en-GB\"},{\"@type\":\"WebPage\",\"@id\":\"https:\/\/schrell.at\/de\/kib-hartmayrgut-einrichtung\/\",\"url\":\"https:\/\/schrell.at\/de\/kib-hartmayrgut-einrichtung\/\",\"name\":\"Am Hartmayrgut | Einrichtung - Architektinnen Schremmer-Jell\",\"isPartOf\":{\"@id\":\"https:\/\/schrell.at\/de\/#website\"},\"datePublished\":\"1999-12-31T22:00:21+00:00\",\"dateModified\":\"2022-07-01T07:45:02+00:00\",\"breadcrumb\":{\"@id\":\"https:\/\/schrell.at\/de\/kib-hartmayrgut-einrichtung\/#breadcrumb\"},\"inLanguage\":\"en-GB\",\"potentialAction\":[{\"@type\":\"ReadAction\",\"target\":[\"https:\/\/schrell.at\/de\/kib-hartmayrgut-einrichtung\/\"]}]},{\"@type\":\"BreadcrumbList\",\"@id\":\"https:\/\/schrell.at\/de\/kib-hartmayrgut-einrichtung\/#breadcrumb\",\"itemListElement\":[{\"@type\":\"ListItem\",\"position\":1,\"name\":\"Home\",\"item\":\"https:\/\/schrell.at\/de\/\"},{\"@type\":\"ListItem\",\"position\":2,\"name\":\"Am Hartmayrgut | Einrichtung\"}]},{\"@type\":\"WebSite\",\"@id\":\"https:\/\/schrell.at\/de\/#website\",\"url\":\"https:\/\/schrell.at\/de\/\",\"name\":\"Architektinnen Schremmer-Jell\",\"description\":\"Architekturb\u00fcro Ottensheimerstra\u00dfe 58 LINZ\",\"publisher\":{\"@id\":\"https:\/\/schrell.at\/de\/#organization\"},\"potentialAction\":[{\"@type\":\"SearchAction\",\"target\":{\"@type\":\"EntryPoint\",\"urlTemplate\":\"https:\/\/schrell.at\/de\/?s={search_term_string}\"},\"query-input\":\"required name=search_term_string\"}],\"inLanguage\":\"en-GB\"},{\"@type\":\"Organization\",\"@id\":\"https:\/\/schrell.at\/de\/#organization\",\"name\":\"Architektinnen Schremmer-Jell\",\"url\":\"https:\/\/schrell.at\/de\/\",\"logo\":{\"@type\":\"ImageObject\",\"inLanguage\":\"en-GB\",\"@id\":\"https:\/\/schrell.at\/de\/#\/schema\/logo\/image\/\",\"url\":\"https:\/\/schrell.at\/de\/wp-content\/uploads\/2023\/10\/Sch_Logo_grun_hoch.jpg\",\"contentUrl\":\"https:\/\/schrell.at\/de\/wp-content\/uploads\/2023\/10\/Sch_Logo_grun_hoch.jpg\",\"width\":1296,\"height\":1747,\"caption\":\"Architektinnen Schremmer-Jell\"},\"image\":{\"@id\":\"https:\/\/schrell.at\/de\/#\/schema\/logo\/image\/\"},\"sameAs\":[\"https:\/\/www.facebook.com\/ArchitektinnenSchremmerJell\",\"https:\/\/www.instagram.com\/architektinnenschremmer\/\"]},{\"@type\":\"Person\",\"@id\":\"https:\/\/schrell.at\/de\/#\/schema\/person\/1729db881a3771e0fe783a69c884578b\",\"name\":\"maspiv\",\"image\":{\"@type\":\"ImageObject\",\"inLanguage\":\"en-GB\",\"@id\":\"https:\/\/schrell.at\/de\/#\/schema\/person\/image\/\",\"url\":\"https:\/\/secure.gravatar.com\/avatar\/daefedb500327e87a87ca92d88b5c218?s=96&d=retro&r=g\",\"contentUrl\":\"https:\/\/secure.gravatar.com\/avatar\/daefedb500327e87a87ca92d88b5c218?s=96&d=retro&r=g\",\"caption\":\"maspiv\"},\"url\":\"https:\/\/schrell.at\/de\/author\/maspiv\/\"}]}<\/script>\n<!-- \/ Yoast SEO plugin. -->","yoast_head_json":{"title":"Am Hartmayrgut | Einrichtung - Architektinnen Schremmer-Jell","robots":{"index":"index","follow":"follow","max-snippet":"max-snippet:-1","max-image-preview":"max-image-preview:large","max-video-preview":"max-video-preview:-1"},"canonical":"https:\/\/schrell.at\/de\/kib-hartmayrgut-einrichtung\/","og_locale":"en_GB","og_type":"article","og_title":"Am Hartmayrgut | Einrichtung - Architektinnen Schremmer-Jell","og_description":"Kinderbetreuung Einrichtung | Am Hartmayrgut EU-weit offener Wettbewerb 1.Preis | 2021 | Projektbeschreibung | Projektbericht | zum Projekt \u00bb &nbsp; zum Projekt Kinderbetreuung am Hartmayrgut \u00bb Planung und Baubegleitung f\u00fcr mobile und fixe M\u00f6blierung f\u00fcr Teek\u00fcche, Sitzfenster, Stau- und Materialaufbewahrung, Sanit\u00e4rbereiche.","og_url":"https:\/\/schrell.at\/de\/kib-hartmayrgut-einrichtung\/","og_site_name":"Architektinnen Schremmer-Jell","article_publisher":"https:\/\/www.facebook.com\/ArchitektinnenSchremmerJell","article_published_time":"1999-12-31T22:00:21+00:00","article_modified_time":"2022-07-01T07:45:02+00:00","og_image":[{"width":800,"height":1200,"url":"https:\/\/schrell.at\/de\/wp-content\/uploads\/2022\/07\/KG-Hartmayrgut-byDanielaKoeppl-Web-210703094721.jpg","type":"image\/jpeg"}],"author":"maspiv","twitter_misc":{"Written by":"maspiv"},"schema":{"@context":"https:\/\/schema.org","@graph":[{"@type":"Article","@id":"https:\/\/schrell.at\/de\/kib-hartmayrgut-einrichtung\/#article","isPartOf":{"@id":"https:\/\/schrell.at\/de\/kib-hartmayrgut-einrichtung\/"},"author":{"name":"maspiv","@id":"https:\/\/schrell.at\/de\/#\/schema\/person\/1729db881a3771e0fe783a69c884578b"},"headline":"Am Hartmayrgut | Einrichtung","datePublished":"1999-12-31T22:00:21+00:00","dateModified":"2022-07-01T07:45:02+00:00","mainEntityOfPage":{"@id":"https:\/\/schrell.at\/de\/kib-hartmayrgut-einrichtung\/"},"wordCount":44,"publisher":{"@id":"https:\/\/schrell.at\/de\/#organization"},"articleSection":["Interior"],"inLanguage":"en-GB"},{"@type":"WebPage","@id":"https:\/\/schrell.at\/de\/kib-hartmayrgut-einrichtung\/","url":"https:\/\/schrell.at\/de\/kib-hartmayrgut-einrichtung\/","name":"Am Hartmayrgut | Einrichtung - Architektinnen Schremmer-Jell","isPartOf":{"@id":"https:\/\/schrell.at\/de\/#website"},"datePublished":"1999-12-31T22:00:21+00:00","dateModified":"2022-07-01T07:45:02+00:00","breadcrumb":{"@id":"https:\/\/schrell.at\/de\/kib-hartmayrgut-einrichtung\/#breadcrumb"},"inLanguage":"en-GB","potentialAction":[{"@type":"ReadAction","target":["https:\/\/schrell.at\/de\/kib-hartmayrgut-einrichtung\/"]}]},{"@type":"BreadcrumbList","@id":"https:\/\/schrell.at\/de\/kib-hartmayrgut-einrichtung\/#breadcrumb","itemListElement":[{"@type":"ListItem","position":1,"name":"Home","item":"https:\/\/schrell.at\/de\/"},{"@type":"ListItem","position":2,"name":"Am Hartmayrgut | Einrichtung"}]},{"@type":"WebSite","@id":"https:\/\/schrell.at\/de\/#website","url":"https:\/\/schrell.at\/de\/","name":"Architektinnen Schremmer-Jell","description":"Architekturb\u00fcro Ottensheimerstra\u00dfe 58 LINZ","publisher":{"@id":"https:\/\/schrell.at\/de\/#organization"},"potentialAction":[{"@type":"SearchAction","target":{"@type":"EntryPoint","urlTemplate":"https:\/\/schrell.at\/de\/?s={search_term_string}"},"query-input":"required name=search_term_string"}],"inLanguage":"en-GB"},{"@type":"Organization","@id":"https:\/\/schrell.at\/de\/#organization","name":"Architektinnen Schremmer-Jell","url":"https:\/\/schrell.at\/de\/","logo":{"@type":"ImageObject","inLanguage":"en-GB","@id":"https:\/\/schrell.at\/de\/#\/schema\/logo\/image\/","url":"https:\/\/schrell.at\/de\/wp-content\/uploads\/2023\/10\/Sch_Logo_grun_hoch.jpg","contentUrl":"https:\/\/schrell.at\/de\/wp-content\/uploads\/2023\/10\/Sch_Logo_grun_hoch.jpg","width":1296,"height":1747,"caption":"Architektinnen Schremmer-Jell"},"image":{"@id":"https:\/\/schrell.at\/de\/#\/schema\/logo\/image\/"},"sameAs":["https:\/\/www.facebook.com\/ArchitektinnenSchremmerJell","https:\/\/www.instagram.com\/architektinnenschremmer\/"]},{"@type":"Person","@id":"https:\/\/schrell.at\/de\/#\/schema\/person\/1729db881a3771e0fe783a69c884578b","name":"maspiv","image":{"@type":"ImageObject","inLanguage":"en-GB","@id":"https:\/\/schrell.at\/de\/#\/schema\/person\/image\/","url":"https:\/\/secure.gravatar.com\/avatar\/daefedb500327e87a87ca92d88b5c218?s=96&d=retro&r=g","contentUrl":"https:\/\/secure.gravatar.com\/avatar\/daefedb500327e87a87ca92d88b5c218?s=96&d=retro&r=g","caption":"maspiv"},"url":"https:\/\/schrell.at\/de\/author\/maspiv\/"}]}},"_links":{"self":[{"href":"https:\/\/schrell.at\/de\/wp-json\/wp\/v2\/posts\/2826"}],"collection":[{"href":"https:\/\/schrell.at\/de\/wp-json\/wp\/v2\/posts"}],"about":[{"href":"https:\/\/schrell.at\/de\/wp-json\/wp\/v2\/types\/post"}],"author":[{"embeddable":true,"href":"https:\/\/schrell.at\/de\/wp-json\/wp\/v2\/users\/1"}],"replies":[{"embeddable":true,"href":"https:\/\/schrell.at\/de\/wp-json\/wp\/v2\/comments?post=2826"}],"version-history":[{"count":6,"href":"https:\/\/schrell.at\/de\/wp-json\/wp\/v2\/posts\/2826\/revisions"}],"predecessor-version":[{"id":2841,"href":"https:\/\/schrell.at\/de\/wp-json\/wp\/v2\/posts\/2826\/revisions\/2841"}],"wp:featuredmedia":[{"embeddable":true,"href":"https:\/\/schrell.at\/de\/wp-json\/wp\/v2\/media\/2837"}],"wp:attachment":[{"href":"https:\/\/schrell.at\/de\/wp-json\/wp\/v2\/media?parent=2826"}],"wp:term":[{"taxonomy":"category","embeddable":true,"href":"https:\/\/schrell.at\/de\/wp-json\/wp\/v2\/categories?post=2826"},{"taxonomy":"post_tag","embeddable":true,"href":"https:\/\/schrell.at\/de\/wp-json\/wp\/v2\/tags?post=2826"}],"curies":[{"name":"wp","href":"https:\/\/api.w.org\/{rel}","templated":true}]}}